{"id":48779,"date":"2025-10-30T07:13:38","date_gmt":"2025-10-30T10:13:38","guid":{"rendered":"https:\/\/masquenoticiastucuman.com.ar\/?p=48779"},"modified":"2025-10-30T07:13:39","modified_gmt":"2025-10-30T10:13:39","slug":"el-campeonato-de-rural-bike-sigue-recorriendo-tucuman","status":"publish","type":"post","link":"https:\/\/masquenoticiastucuman.com.ar\/?p=48779","title":{"rendered":"El campeonato de rural bike sigue recorriendo Tucum\u00e1n"},"content":{"rendered":"\n<p>El evento que organiza Zona Deportiva contin\u00faa su paso por la provincia con dos nuevas jornadas que prometen adrenalina y naturaleza.<\/p>\n\n\n\n<p id=\"isPasted\">La sinergia entre turismo y deporte es innegable, y uno de los eventos que mejor representa ese matrimonio, el Desaf\u00edo de Rural Bike, se acerca a un ep\u00edlogo \u00e9pico que dejar\u00e1 much\u00edsimas emociones en los paisajes tucumanos.&nbsp;<\/p>\n\n\n\n<p>El pr\u00f3ximo 9 de noviembre se disputar\u00e1 la s\u00e9ptima fecha, denominada Desaf\u00edo La Cocha. La competencia contar\u00e1 con un circuito de 42 kil\u00f3metros y un desnivel de 209 metros, con largada y llegada en la cancha de rugby ubicada entre las calles Alem y Julio Argentino Roca, en la ciudad de La Cocha.<\/p>\n\n\n\n<p>El recorrido atravesar\u00e1 los pintorescos paisajes del sur tucumano, pasando por las comunas de San Jos\u00e9, Huasa Pampa, San Ignacio y Los Pizarro, combinando tramos de asfalto, caminos rurales y senderos naturales que pondr\u00e1n a prueba la destreza y resistencia de los participantes.<\/p>\n\n\n\n<p>Las inscripciones gratuitas estar\u00e1n abiertas hasta el 7 de noviembre y pueden realizarse a trav\u00e9s del siguiente enlace. Para m\u00e1s informaci\u00f3n, los interesados pueden contactar a trav\u00e9s de las redes sociales de Zona Deportiva.<\/p>\n\n\n\n<p>Por su parte, la octava y \u00faltima fecha del campeonato se llevar\u00e1 a cabo el 30 de noviembre con el Desaf\u00edo La Banderita, una competencia de 45 kil\u00f3metros que partir\u00e1 desde la Plaza principal de Alpachiri, atravesar\u00e1 el Portal Cochuna del Parque Nacional Aconquija y culminar\u00e1 en La Banderita, en la Cuesta del Mirador, donde el verde caracter\u00edstico del Jard\u00edn de la Rep\u00fablica custodia con su magnificencia a quienes llegan a ese enclave fant\u00e1stico.<\/p>\n\n\n\n<p>Gran presentaci\u00f3n en Buenos Aires<\/p>\n\n\n\n<p>La gran doble fecha se presentar\u00e1 de manera oficial en la Casa de Tucum\u00e1n en la Ciudad Aut\u00f3noma de Buenos Aires, ubicada en Suipacha 140. La cita se program\u00f3 para el pr\u00f3ximo martes 4 de noviembre, a las 12. All\u00ed, organizadores, autoridades y participantes compartir\u00e1n detalles de la propuesta.&nbsp;<\/p>\n\n\n\n<p>Todo el Campeonato de Rural Bike de Zona Deportiva se desarrolla a trav\u00e9s de un trabajo articulado entre la Secretar\u00eda de Gobierno y Relaciones Institucionales, a cargo de Ra\u00fal Albarrac\u00edn \u2014de la cual forma parte el grupo deportivo\u2014; el Ente Tucum\u00e1n Turismo, encabezado por su presidente Domingo Amaya y la vicepresidenta In\u00e9s Fr\u00edas Silva; el Ministerio del Interior, a cargo de Dar\u00edo Monteros; y la Secretar\u00eda de Deportes, dependiente de dicho ministerio, bajo la conducci\u00f3n de Diego Erroz.<\/p>\n\n\n\n<p>Con estas dos fechas, el campeonato cierra una temporada marcada por una gran participaci\u00f3n y entusiasmo, consolidando al rural bike como una disciplina en crecimiento que une deporte, turismo y naturaleza en cada rinc\u00f3n de Tucum\u00e1n.<\/p>\n","protected":false},"excerpt":{"rendered":"<p>El evento que organiza Zona Deportiva contin\u00faa su paso por la provincia con dos nuevas&#8230;<\/p>\n","protected":false},"author":2,"featured_media":0,"comment_status":"open","ping_status":"open","sticky":false,"template":"","format":"standard","meta":{"footnotes":""},"categories":[2],"tags":[],"class_list":["post-48779","post","type-post","status-publish","format-standard","hentry","category-locales"],"_links":{"self":[{"href":"https:\/\/masquenoticiastucuman.com.ar\/index.php?rest_route=\/wp\/v2\/posts\/48779","targetHints":{"allow":["GET"]}}],"collection":[{"href":"https:\/\/masquenoticiastucuman.com.ar\/index.php?rest_route=\/wp\/v2\/posts"}],"about":[{"href":"https:\/\/masquenoticiastucuman.com.ar\/index.php?rest_route=\/wp\/v2\/types\/post"}],"author":[{"embeddable":true,"href":"https:\/\/masquenoticiastucuman.com.ar\/index.php?rest_route=\/wp\/v2\/users\/2"}],"replies":[{"embeddable":true,"href":"https:\/\/masquenoticiastucuman.com.ar\/index.php?rest_route=%2Fwp%2Fv2%2Fcomments&post=48779"}],"version-history":[{"count":1,"href":"https:\/\/masquenoticiastucuman.com.ar\/index.php?rest_route=\/wp\/v2\/posts\/48779\/revisions"}],"predecessor-version":[{"id":48781,"href":"https:\/\/masquenoticiastucuman.com.ar\/index.php?rest_route=\/wp\/v2\/posts\/48779\/revisions\/48781"}],"wp:attachment":[{"href":"https:\/\/masquenoticiastucuman.com.ar\/index.php?rest_route=%2Fwp%2Fv2%2Fmedia&parent=48779"}],"wp:term":[{"taxonomy":"category","embeddable":true,"href":"https:\/\/masquenoticiastucuman.com.ar\/index.php?rest_route=%2Fwp%2Fv2%2Fcategories&post=48779"},{"taxonomy":"post_tag","embeddable":true,"href":"https:\/\/masquenoticiastucuman.com.ar\/index.php?rest_route=%2Fwp%2Fv2%2Ftags&post=48779"}],"curies":[{"name":"wp","href":"https:\/\/api.w.org\/{rel}","templated":true}]}}