{"id":48782,"date":"2025-10-30T07:26:05","date_gmt":"2025-10-30T10:26:05","guid":{"rendered":"https:\/\/masquenoticiastucuman.com.ar\/?p=48782"},"modified":"2025-10-30T07:26:06","modified_gmt":"2025-10-30T10:26:06","slug":"jaldo-encabezo-una-reunion-de-gabinete-y-destaco-los-logros-de-los-primeros-dos-anos-de-gestion","status":"publish","type":"post","link":"https:\/\/masquenoticiastucuman.com.ar\/?p=48782","title":{"rendered":"Jaldo encabez\u00f3 una reuni\u00f3n de gabinete y destac\u00f3 los logros de los primeros dos a\u00f1os de gesti\u00f3n"},"content":{"rendered":"\n<p>El encuentro tuvo como objetivo realizar un balance de los primeros dos a\u00f1os de gesti\u00f3n del Gobierno provincial, con eje en la administraci\u00f3n austera de los recursos, la mejora en los \u00edndices de seguridad y la consolidaci\u00f3n del equilibrio fiscal.<\/p>\n\n\n\n<p>El gobernador&nbsp;<strong>Osvaldo Jaldo<\/strong>&nbsp;encabez\u00f3 este mediod\u00eda, en el Sal\u00f3n Blanco de la Casa de Gobierno, una reuni\u00f3n de gabinete ampliado con ministros, secretarios, subsecretarios y titulares de entes aut\u00e1rquicos.&nbsp;<\/p>\n\n\n\n<p>Durante su exposici\u00f3n, el mandatario record\u00f3 las decisiones adoptadas desde el inicio de su gesti\u00f3n. \u201cDesde el 29 de octubre de 2023 fijamos pol\u00edticas claras, contundentes y acordes al momento dif\u00edcil que nos tocaba vivir.&nbsp;<strong>En ese sentido, no dudamos en tomar decisiones econ\u00f3micas, presupuestarias y financieras que nos permitieran recuperar el equilibrio fiscal y, si era posible, superar el financiero\u201d,<\/strong>&nbsp;expres\u00f3.<\/p>\n\n\n\n<p>Jaldo se\u00f1al\u00f3 que las primeras medidas estuvieron orientadas a ordenar las cuentas p\u00fablicas. \u201cA horas de asumir, no nos tembl\u00f3 el pulso para reestructurar el organigrama con la eliminaci\u00f3n de ministerios, secretar\u00edas y direcciones.&nbsp;<strong>Tampoco dudamos en revisar \u00e1reas donde hab\u00eda personal sin funciones definidas dentro de la gesti\u00f3n\u201d<\/strong>, indic\u00f3.<\/p>\n\n\n\n<p>El Gobernador subray\u00f3 que las pol\u00edticas implementadas permitieron fortalecer los servicios esenciales del Estado. \u201cQuienes no tienen obra social recurren a la&nbsp;<strong>salud p\u00fablica,<\/strong>&nbsp;y all\u00ed hemos garantizado atenci\u00f3n y acceso. En educaci\u00f3n, todos los d\u00edas ampliamos la infraestructura y vemos un crecimiento constante en la matr\u00edcula, porque&nbsp;<strong>los tucumanos conf\u00edan en la educaci\u00f3n p\u00fablica<\/strong>\u201d, remarc\u00f3.<\/p>\n\n\n\n<p>Respecto a la seguridad, destac\u00f3 los avances logrados durante el per\u00edodo 2023 \u2013 2025. \u201cEn 24 meses hemos marcado un antes y un despu\u00e9s en la seguridad p\u00fablica. No puede haber una pol\u00edtica de seguridad sin una pol\u00edtica carcelaria ni sin la articulaci\u00f3n con los otros poderes del Estado.&nbsp;<strong>Hoy Tucum\u00e1n es la segunda provincia con menos homicidios y delitos del pa\u00eds, seg\u00fan estad\u00edsticas del Ministerio P\u00fablico Fiscal y del Ministerio de Seguridad de la Naci\u00f3n\u201d<\/strong>, sostuvo.<\/p>\n\n\n\n<p>En materia de orden social y territorial, Jaldo valor\u00f3 las acciones realizadas para garantizar la paz social.<strong>&nbsp;\u201cSe terminaron las usurpaciones en la provincia.&nbsp;<\/strong>Recuperamos m\u00e1s de mil hect\u00e1reas del patrimonio p\u00fablico en Taf\u00ed del Valle, El Cadillal y San Javier, y lo hicimos con respeto por la ley y las instituciones\u201d, destac\u00f3.<\/p>\n\n\n\n<p>Tambi\u00e9n resalt\u00f3 el trabajo articulado con los municipios sin distinci\u00f3n partidaria. \u201cGobernamos para todos los tucumanos. A trav\u00e9s del Ministerio de Interior firmamos acuerdos para que cada intendencia pueda pagar sueldos, realizar obras y brindar servicios, m\u00e1s all\u00e1 de las bander\u00edas pol\u00edticas\u201d, explic\u00f3.<\/p>\n\n\n\n<p>Asimismo, Jaldo remarc\u00f3 que en la elecci\u00f3n del 2023 \u201cfue el pueblo tucumano el que decidi\u00f3 que nuestro espacio conduzca los destinos de la provincia, con responsabilidades y tareas a cumplir en nuestro mandato a favor de los ciudadanos\u201d.&nbsp;<\/p>\n\n\n\n<p>Dos a\u00f1os despu\u00e9s, afirm\u00f3 el Gobernador, \u201cel pueblo pidi\u00f3 que rindamos cuentas y lo hicimos el domingo pasado en las elecciones de t\u00e9rmino medio, para elegir diputados nacionales. Los tucumanos votamos con un sistema diferente, con la Boleta \u00danica de Papel, y volvimos a ganar, como en 2023\u201d. &nbsp;<\/p>\n\n\n\n<p>El encuentro cerr\u00f3 con una evaluaci\u00f3n positiva del trabajo conjunto del gabinete y la continuidad de las pol\u00edticas p\u00fablicas que, en palabras del gobernador, \u201chan devuelto orden, equilibrio y previsibilidad a la provincia\u201d.<\/p>\n\n\n\n<p>Acompa\u00f1aron al primer mandatario provincial los ministros: Dar\u00edo Monteros (Interior), Regino Amado (Gobierno y Justicia), Daniel Abad (Econom\u00eda y Producci\u00f3n), Eugenio Ag\u00fcero Gamboa (Seguridad), Federico Masso (Desarrollo Social), Luis Medina Ruiz (Salud P\u00fablica), Marcelo Nazur (Obras, Infraestructura y Transporte P\u00fablico); el secretario general de la Gobernaci\u00f3n, Federico Nazur; y la fiscal de Estado, Gilda Pedicone de Valls.&nbsp;<\/p>\n\n\n\n<p>Tambi\u00e9n estuvieron presentes: el diputado nacional Agust\u00edn Fern\u00e1ndez; el fiscal de Estado Adjunto, Ra\u00fal Ferrazzano; la secretaria de Educaci\u00f3n, Gabriela Gallardo; la secretaria de Comunicaci\u00f3n P\u00fablica, Mariana Lucenti; el secretario de Producci\u00f3n, Eduardo Castro; el secretario de Gobierno y Relaciones Institucionales, Ra\u00fal Albarrac\u00edn; la secretaria de Articulaci\u00f3n Territorial y Desarrollo Local, Josefina Z\u00e1rate; la secretaria de Culto y Vinculaci\u00f3n con Organizaciones de la Sociedad Civil, Roxana D\u00edaz; el secretario de Trabajo, Andr\u00e9s Galv\u00e1n; el secretario de Gesti\u00f3n P\u00fablica y Planeamiento, Javier Morof; la secretaria de Relaciones Internacionales y Empresariales, Virginia \u00c1vila; el secretario de Transporte y Seguridad Vial, Vicente Nicastro; el secretario Ejecutivo M\u00e9dico del Siprosa, Daniel Amado; y el secretario ejecutivo Administrativo Contable de Siprosa, Fabio Andina; el secretario de Saneamiento y Mejoramiento de Espacios P\u00fablicos, Carlos Ass\u00e1n.&nbsp;<\/p>\n\n\n\n<p>Fueron convocados, adem\u00e1s, el presidente del Ente Tucum\u00e1n Turismo, Domingo Amaya; el presidente del Ente Cultural de Tucum\u00e1n, Humberto Salazar; el presidente de la Sociedad Aguas del Tucum\u00e1n (SAT), Marcelo Caponio; el presidente del Ente de Infraestructura Comunitaria, Armando Cortalezzi; el jefe de Polic\u00eda, Joaqu\u00edn Girvau; el interventor del Instituto Provincial de Vivienda y Desarrollo Urbano (Ipvdu), Hugo Cabral; el interventor del Instituto Provincial de Acci\u00f3n Cooperativa y Mutual (Ipacym), Regino Racedo; la directora del Registro del Estado Civil y Capacidad de las Personas, Carolina Bidegorry; el titular de la Unidad Ejecutora Provincial y representante de la Provincia en el Consejo Federal de Inversiones, Pedro Sandilli; y el titular de la Unidad de Gesti\u00f3n Provincial de Ordenamiento Territorial, Juan Luis P\u00e9rez.<\/p>\n","protected":false},"excerpt":{"rendered":"<p>El encuentro tuvo como objetivo realizar un balance de los primeros dos a\u00f1os de gesti\u00f3n&#8230;<\/p>\n","protected":false},"author":2,"featured_media":0,"comment_status":"open","ping_status":"open","sticky":false,"template":"","format":"standard","meta":{"footnotes":""},"categories":[2],"tags":[],"class_list":["post-48782","post","type-post","status-publish","format-standard","hentry","category-locales"],"_links":{"self":[{"href":"https:\/\/masquenoticiastucuman.com.ar\/index.php?rest_route=\/wp\/v2\/posts\/48782","targetHints":{"allow":["GET"]}}],"collection":[{"href":"https:\/\/masquenoticiastucuman.com.ar\/index.php?rest_route=\/wp\/v2\/posts"}],"about":[{"href":"https:\/\/masquenoticiastucuman.com.ar\/index.php?rest_route=\/wp\/v2\/types\/post"}],"author":[{"embeddable":true,"href":"https:\/\/masquenoticiastucuman.com.ar\/index.php?rest_route=\/wp\/v2\/users\/2"}],"replies":[{"embeddable":true,"href":"https:\/\/masquenoticiastucuman.com.ar\/index.php?rest_route=%2Fwp%2Fv2%2Fcomments&post=48782"}],"version-history":[{"count":1,"href":"https:\/\/masquenoticiastucuman.com.ar\/index.php?rest_route=\/wp\/v2\/posts\/48782\/revisions"}],"predecessor-version":[{"id":48784,"href":"https:\/\/masquenoticiastucuman.com.ar\/index.php?rest_route=\/wp\/v2\/posts\/48782\/revisions\/48784"}],"wp:attachment":[{"href":"https:\/\/masquenoticiastucuman.com.ar\/index.php?rest_route=%2Fwp%2Fv2%2Fmedia&parent=48782"}],"wp:term":[{"taxonomy":"category","embeddable":true,"href":"https:\/\/masquenoticiastucuman.com.ar\/index.php?rest_route=%2Fwp%2Fv2%2Fcategories&post=48782"},{"taxonomy":"post_tag","embeddable":true,"href":"https:\/\/masquenoticiastucuman.com.ar\/index.php?rest_route=%2Fwp%2Fv2%2Ftags&post=48782"}],"curies":[{"name":"wp","href":"https:\/\/api.w.org\/{rel}","templated":true}]}}