{"id":48785,"date":"2025-10-30T07:37:34","date_gmt":"2025-10-30T10:37:34","guid":{"rendered":"https:\/\/masquenoticiastucuman.com.ar\/?p=48785"},"modified":"2025-10-30T07:37:35","modified_gmt":"2025-10-30T10:37:35","slug":"ministros-realizaron-un-balance-de-gestion-a-dos-anos-del-gobierno-de-jaldo","status":"publish","type":"post","link":"https:\/\/masquenoticiastucuman.com.ar\/?p=48785","title":{"rendered":"Ministros realizaron un balance de gesti\u00f3n a dos a\u00f1os del gobierno de Jaldo"},"content":{"rendered":"\n<p>Compart\u00ed la noticia<\/p>\n\n\n\n<p><a href=\"https:\/\/www.facebook.com\/sharer\/sharer.php?u=https%3A%2F%2Felinformadordigital.ar%2F2025%2F10%2F30%2Fministros-realizaron-un-balance-de-gestion-a-dos-anos-del-gobierno-de-jaldo%2F\" rel=\"noreferrer noopener\" target=\"_blank\"><\/a><a href=\"https:\/\/twitter.com\/intent\/tweet?text=Ministros%20realizaron%20un%20balance%20de%20gesti%C3%B3n%20a%20dos%20a%C3%B1os%20del%20gobierno%20de%20Jaldo&amp;url=https%3A%2F%2Felinformadordigital.ar%2F2025%2F10%2F30%2Fministros-realizaron-un-balance-de-gestion-a-dos-anos-del-gobierno-de-jaldo%2F\" rel=\"noreferrer noopener\" target=\"_blank\"><\/a><a href=\"https:\/\/www.instagram.com\/\" rel=\"noreferrer noopener\" target=\"_blank\"><\/a><a href=\"https:\/\/www.linkedin.com\/sharing\/share-offsite\/?url=https%3A%2F%2Felinformadordigital.ar%2F2025%2F10%2F30%2Fministros-realizaron-un-balance-de-gestion-a-dos-anos-del-gobierno-de-jaldo%2F\" rel=\"noreferrer noopener\" target=\"_blank\"><\/a><a href=\"https:\/\/api.whatsapp.com\/send?text=Ministros%20realizaron%20un%20balance%20de%20gesti%C3%B3n%20a%20dos%20a%C3%B1os%20del%20gobierno%20de%20Jaldo%20https%3A%2F%2Felinformadordigital.ar%2F2025%2F10%2F30%2Fministros-realizaron-un-balance-de-gestion-a-dos-anos-del-gobierno-de-jaldo%2F\" rel=\"noreferrer noopener\" target=\"_blank\"><\/a><a href=\"https:\/\/telegram.me\/share\/url?url=https%3A%2F%2Felinformadordigital.ar%2F2025%2F10%2F30%2Fministros-realizaron-un-balance-de-gestion-a-dos-anos-del-gobierno-de-jaldo%2F&amp;text=Ministros%20realizaron%20un%20balance%20de%20gesti%C3%B3n%20a%20dos%20a%C3%B1os%20del%20gobierno%20de%20Jaldo\" rel=\"noreferrer noopener\" target=\"_blank\"><\/a><a href=\"https:\/\/elinformadordigital.ar\/2025\/10\/30\/ministros-realizaron-un-balance-de-gestion-a-dos-anos-del-gobierno-de-jaldo\/\"><\/a><a href=\"https:\/\/elinformadordigital.ar\/2025\/10\/30\/ministros-realizaron-un-balance-de-gestion-a-dos-anos-del-gobierno-de-jaldo\/\"><\/a><\/p>\n\n\n\n<p>En el Sal\u00f3n Blanco de Casa de Gobierno, el gobernador Osvaldo Jaldo reuni\u00f3 a ministros, secretarios y subsecretarios para realizar un balance de los dos primeros a\u00f1os de gesti\u00f3n. Cada \u00e1rea expuso los avances y desaf\u00edos en la implementaci\u00f3n de las pol\u00edticas p\u00fablicas provinciales.<\/p>\n\n\n\n<p>En el marco del cumplimiento de dos a\u00f1os de gesti\u00f3n, el gobernador Osvaldo Jaldo encabez\u00f3 este mi\u00e9rcoles una reuni\u00f3n de gabinete ampliado en el Sal\u00f3n Blanco de Casa de Gobierno, acompa\u00f1ado por ministros, secretarios y subsecretarios del Poder Ejecutivo.<\/p>\n\n\n\n<p>El encuentro tuvo como objetivo evaluar el trabajo desarrollado en cada \u00e1rea y delinear los ejes de acci\u00f3n para la segunda mitad del mandato.<\/p>\n\n\n\n<p>Durante la reuni\u00f3n, los ministros presentaron resultados de gesti\u00f3n de sus \u00e1reas, abordando los avances en materia de salud, infraestructura, educaci\u00f3n, seguridad y desarrollo social, en el marco del balance general.<\/p>\n\n\n\n<p>El ministro de Econom\u00eda, Daniel Abad, abri\u00f3 las exposiciones y remarc\u00f3: \u201cHoy, con el gobernador a la cabeza, hicimos un recuento de estos dos a\u00f1os de gobierno, donde cada \u00e1rea expuso lo que hemos venido haciendo, y que se ha visto reflejado en la mejora y en la contienda electoral. La gente nos ha vuelto a dar su aval, y eso nos compromete a seguir trabajando con un Estado presente y redoblar los esfuerzos hasta la finalizaci\u00f3n del a\u00f1o\u201d, expres\u00f3.<\/p>\n\n\n\n<p>En relaci\u00f3n con su cartera, Abad inform\u00f3 que el presupuesto provincial 2026 ya fue finalizado y tiene la firma del gobernador Jaldo, para ser enviado en los pr\u00f3ximos d\u00edas a la Legislatura, cumpliendo con los plazos establecidos.<\/p>\n\n\n\n<p>\u201cEsto es un trabajo en equipo. Ac\u00e1 nadie se salva solo. Es una tarea colectiva donde los dem\u00e1s ministros han acompa\u00f1ado la gesti\u00f3n en lo presupuestario y financiero\u201d, subray\u00f3.<\/p>\n\n\n\n<p>En esa linea, destac\u00f3 la priorizaci\u00f3n del gasto p\u00fablico en \u00e1reas sociales clave, en l\u00ednea con las directrices del gobernador Jaldo. \u201cEl presupuesto mantiene la misma t\u00f3nica que impuso el gobernador al principio: incrementar, por encima de cualquier otro gasto, los destinados a salud, educaci\u00f3n, seguridad y seguridad social. Son cifras importantes: educaci\u00f3n aumenta casi $400.000 millones, y salud $300.000 millones\u201d, precis\u00f3 Abad.<\/p>\n\n\n\n<p>El titular de Econom\u00eda tambi\u00e9n se refiri\u00f3 al contexto macroecon\u00f3mico nacional, manifestando su preocupaci\u00f3n por las variables que exceden la competencia provincial.<\/p>\n\n\n\n<p>\u201cLa provincia maneja la pol\u00edtica fiscal, pero no la monetaria ni la cambiaria. Eso es una gran preocupaci\u00f3n, y vamos a ver qu\u00e9 sucede respecto a un programa que contenga al interior del pa\u00eds y a las econom\u00edas regionales, que est\u00e1n bastante castigadas\u201d, indic\u00f3.<\/p>\n\n\n\n<p><strong>Salud: fortalecimiento del sistema y lucha contra el dengue<\/strong><\/p>\n\n\n\n<p>Durante su exposici\u00f3n, el ministro de Salud P\u00fablica,<strong>&nbsp;Luis Medina Ruiz,&nbsp;<\/strong>destac\u00f3 el trabajo territorial y comunitario que se realiza en coordinaci\u00f3n con municipios y comunas. \u201cEl trabajo que se hace en territorio, casa por casa, educando a la comunidad, en equipo con municipios y comunas, es clave para cuidar la salud de los tucumanos\u201d, expres\u00f3.<\/p>\n\n\n\n<p>Medina Ruiz subray\u00f3 los avances en la lucha contra el dengue, al remarcar que Tucum\u00e1n lleva 18 semanas sin registrar casos. En ese sentido, valor\u00f3 la importancia de la prevenci\u00f3n y la planificaci\u00f3n, destacando que la provincia compr\u00f3 200.000 dosis de vacunas contra el dengue, de las cuales la mayor\u00eda ya fueron aplicadas.<\/p>\n\n\n\n<p>\u201cEso tiene que ver con la previsibilidad, con mejorar la calidad de atenci\u00f3n y con la decisi\u00f3n pol\u00edtica de invertir en salud\u201d, sostuvo.<\/p>\n\n\n\n<p>Asimismo, el ministro resalt\u00f3 la pol\u00edtica sanitaria inclusiva impulsada desde el Poder Ejecutivo. \u201cDesde la Gobernaci\u00f3n se decidi\u00f3 priorizar la salud. Hoy cualquier tucumano que tenga una necesidad de salud sabe que, yendo a un hospital, tendr\u00e1 atenci\u00f3n de calidad\u201d, afirm\u00f3.<\/p>\n\n\n\n<p><strong>Fiscal\u00eda de Estado: gesti\u00f3n ordenada y resultados positivos<\/strong><\/p>\n\n\n\n<p>Por su parte, la Fiscal de Estado,&nbsp;<strong>Gilda Pedicone de Valls,<\/strong>&nbsp;destac\u00f3 el trabajo jur\u00eddico desarrollado por el organismo y los resultados alcanzados en materia de litigios. \u201cNosotros sumamos recursos que tienen que ver con juicios que hemos ganado y con juicios que hemos evitado. Cuando usted termine su gesti\u00f3n, esta provincia va a tener casi nada de juicios en contra, porque con los que estamos lidiando hoy o los que estamos ganando, probablemente no haya nuevos juicios\u201d, afirm\u00f3.<\/p>\n\n\n\n<p>Pedicone de Valls tambi\u00e9n resalt\u00f3 el fortalecimiento institucional de la Fiscal\u00eda de Estado a trav\u00e9s de la capacitaci\u00f3n continua del personal jur\u00eddico. \u201cLa Fiscal\u00eda de Estado ha capacitado, se ha capacitado y est\u00e1 capacitando a todas las \u00e1reas jur\u00eddicas de todas las reparticiones\u201d, se\u00f1al\u00f3.<\/p>\n\n\n\n<p>En ese sentido, la funcionaria puso en valor el acompa\u00f1amiento del gobernador Jaldo en el desarrollo de una gesti\u00f3n ordenada y eficiente. \u201cEl servicio jur\u00eddico de la Fiscal\u00eda de Estado es m\u00e9rito suyo, gobernador. Usted ha logrado sacar lo mejor de nosotros. La din\u00e1mica del d\u00eda a d\u00eda, la vinculaci\u00f3n con la justicia y con el Poder Legislativo nos ha permitido trabajar de una manera ordenada, respetuosa y cuidadosa\u201d, sostuvo.<\/p>\n\n\n\n<p>Finalmente, concluy\u00f3 que la tarea del organismo puede medirse en resultados concretos: \u201cLa Fiscal\u00eda de Estado solo puede hablar de cu\u00e1ntas hect\u00e1reas, cu\u00e1ntos paisajes, cu\u00e1ntos juicios ganados y cu\u00e1ntas condenas\u201d.<\/p>\n\n\n\n<p><strong>Desarrollo Social: pol\u00edticas activas para la inclusi\u00f3n y la contenci\u00f3n<\/strong><\/p>\n\n\n\n<p>El ministro de Desarrollo Social<strong>, Federico Masso,&nbsp;<\/strong>record\u00f3 que el inicio de la gesti\u00f3n se dio en un contexto dif\u00edcil, y destac\u00f3 los esfuerzos realizados para garantizar la paz social y la presencia del Estado en los sectores m\u00e1s vulnerables.<\/p>\n\n\n\n<p>\u201cRecibimos un gobierno en un momento muy dif\u00edcil y nos trazamos metas para lograr paz social, abrir el di\u00e1logo con los actores que reclamaban un Estado presente y atenci\u00f3n a los sectores vulnerables\u201d, afirm\u00f3.<\/p>\n\n\n\n<p>Masso detall\u00f3 el trabajo sostenido en la pol\u00edtica alimentaria, eje central de la cartera. \u201cEl coraz\u00f3n de la pol\u00edtica alimentaria son los comedores escolares, donde se asiste a m\u00e1s de 1.700 escuelas, atendiendo a m\u00e1s de 13.000 alumnos\u201d, indic\u00f3. Adem\u00e1s, resalt\u00f3 la articulaci\u00f3n con organizaciones de la sociedad civil, que permiti\u00f3 consolidar una red de contenci\u00f3n social a trav\u00e9s de m\u00e1s de 350 merenderos en toda la provincia.<\/p>\n\n\n\n<p>El ministro tambi\u00e9n destac\u00f3 la implementaci\u00f3n de la Tarjeta Alimentaria Independencia, que inici\u00f3 con un monto de $20.000 y hoy alcanza los $50.000, representando un importante apoyo directo a las familias que m\u00e1s lo necesitan.<\/p>\n\n\n\n<p>Asimismo, subray\u00f3 la continuidad y fortalecimiento de pol\u00edticas vinculadas a la protecci\u00f3n de derechos y la prevenci\u00f3n social, entre ellas el Observatorio de la Mujer y la mejora del Programa de Trata de Personas, as\u00ed como el abordaje del consumo problem\u00e1tico y la violencia de g\u00e9nero.<\/p>\n\n\n\n<p>\u201cEnfrentamos a quienes envenenan a nuestros ni\u00f1os y j\u00f3venes, previniendo y atendiendo a ni\u00f1os y ni\u00f1as que asisten al Centro de Prevenci\u00f3n de Adicciones (CEPLA). Ese es un trabajo conjunto con el Ministerio de Salud\u201d, puntualiz\u00f3.<\/p>\n\n\n\n<p><strong>Gobierno y Justicia: di\u00e1logo, empleo y fortalecimiento institucional<\/strong><\/p>\n\n\n\n<p>El ministro de Gobierno y Justicia,<strong>&nbsp;Regino Amado,<\/strong>&nbsp;puso en valor los acuerdos salariales alcanzados con los representantes de los trabajadores estatales durante estos dos a\u00f1os de gesti\u00f3n.<\/p>\n\n\n\n<p>\u201cEn estos dos a\u00f1os tuvimos siete recomposiciones salariales, reuniones que pocas provincias tuvieron la posibilidad de hacer y que permitieron mantener la paz social\u201d, destac\u00f3.<\/p>\n\n\n\n<p>Otro de los ejes mencionados por el funcionario fue la situaci\u00f3n del empleo y el impulso a nuevas oportunidades laborales. \u201cVen\u00edamos observando el crecimiento de las nuevas industrias, las nuevas tecnolog\u00edas y ah\u00ed fue cuando entr\u00f3 en vigencia la Ley de Econom\u00eda del Conocimiento, que el Gobernador impuls\u00f3 cuando fue Vicegobernador, desde la Legislatura, y la continu\u00f3 cuando asumi\u00f3 el Poder Ejecutivo\u201d, record\u00f3.<\/p>\n\n\n\n<p>Amado precis\u00f3 que, gracias a esta pol\u00edtica de promoci\u00f3n, Tucum\u00e1n pas\u00f3 de tener 25 a 60 empresas del rubro de la econom\u00eda del conocimiento, generando un crecimiento del empleo que pas\u00f3 de 1.500 a m\u00e1s de 5.000 puestos laborales.<\/p>\n\n\n\n<p>El ministro tambi\u00e9n celebr\u00f3 la implementaci\u00f3n del Boleto Estudiantil Gratuito para el Interior, que beneficia a m\u00e1s de 100.000 estudiantes.<\/p>\n\n\n\n<p>\u201cEso les dio posibilidades a miles de j\u00f3venes, ni\u00f1os y adultos de continuar con sus estudios porque les permite llegar a la escuela, al terciario y a la universidad, les da la posibilidad de ser profesionales y de mejorar su calidad de vida o conseguir un trabajo a partir de la educaci\u00f3n\u201d, se\u00f1al\u00f3.<\/p>\n\n\n\n<p>Por \u00faltimo, destac\u00f3 el fortalecimiento del Poder Judicial con la designaci\u00f3n de 55 magistrados en los distintos centros judiciales de la provincia, lo que contribuye a acercar la justicia a todos los tucumanos.<\/p>\n\n\n\n<p id=\"isPasted\"><strong>Obras P\u00fablicas: inversi\u00f3n hist\u00f3rica en infraestructura y desarrollo provincial<\/strong><\/p>\n\n\n\n<p>El ministro de Obras P\u00fablicas,<strong>&nbsp;Marcelo Nazur,<\/strong>&nbsp;remarc\u00f3 que la provincia lleva adelante \u201cacciones que representan un salto hist\u00f3rico en el desarrollo de infraestructura\u201d, con una planificaci\u00f3n estrat\u00e9gica que consolida obras en ejecuci\u00f3n y proyectos concluidos en todo el territorio.<\/p>\n\n\n\n<p>\u201cVenimos avanzando en forma sostenida. Esto quiere decir que las obras que iniciamos en Tucum\u00e1n son obras que terminamos en Tucum\u00e1n\u201d, subray\u00f3.<\/p>\n\n\n\n<p>Nazur explic\u00f3 que la inversi\u00f3n en infraestructura alcanza casi 500 millones de d\u00f3lares, destinados a obras estructurales y estrat\u00e9gicas. Entre ellas, mencion\u00f3 la modernizaci\u00f3n del Aeropuerto Internacional Benjam\u00edn Matienzo, que permitir\u00e1 duplicar su capacidad a 1.600.000 pasajeros anuales, con tecnolog\u00eda e infraestructura de \u00faltima generaci\u00f3n y una inversi\u00f3n de 50 millones de d\u00f3lares.<\/p>\n\n\n\n<p>Tambi\u00e9n destac\u00f3 proyectos esenciales como el acueducto de Vipos, que mejorar\u00e1 la calidad de vida en el Gran San Miguel de Tucum\u00e1n, Taf\u00ed Viejo y Yerba Buena; y la l\u00ednea el\u00e9ctrica El Bracho\u2013Villa Quinteros, de 57 kil\u00f3metros y 70 millones de d\u00f3lares de inversi\u00f3n, que beneficiar\u00e1 a m\u00e1s de 600.000 tucumanos al optimizar el transporte y la distribuci\u00f3n de energ\u00eda.<\/p>\n\n\n\n<p>En materia vial, Nazur precis\u00f3 que se concret\u00f3 una recuperaci\u00f3n hist\u00f3rica del 20% de la red vial primaria, con 160 kil\u00f3metros intervenidos, adem\u00e1s del 100% de la red vial secundaria, que abarca 1.000 kil\u00f3metros en el interior provincial.<\/p>\n\n\n\n<p>El ministro tambi\u00e9n resalt\u00f3 las obras habitacionales impulsadas por el Instituto Provincial de la Vivienda (IPV), con 1.800 viviendas en ejecuci\u00f3n y el programa Procrear, que sumar\u00e1 3.000 viviendas m\u00e1s, con una primera etapa de 572 casas, 22 locales comerciales y toda la infraestructura correspondiente.<\/p>\n\n\n\n<p id=\"isPasted\"><strong>Interior: federalismo, pacto social y justicia territorial<\/strong><\/p>\n\n\n\n<p>El ministro del Interior,&nbsp;<strong>Dar\u00edo Monteros,&nbsp;<\/strong>destac\u00f3 la visi\u00f3n federal e inclusiva de Jaldo, basada en la articulaci\u00f3n con municipios y comunas sin distinci\u00f3n pol\u00edtica.<\/p>\n\n\n\n<p>\u201cQueremos resaltar la visi\u00f3n que tiene el gobernador con el exterior, con el Pacto Social, para acompa\u00f1ar a los distintos municipios sin distinci\u00f3n pol\u00edtica. Por eso se hicieron obras no tan solo en los municipios de nuestro signo pol\u00edtico, como el nuestro, sino tambi\u00e9n en Bella Vista y Yerba Buena, que est\u00e1n dentro del pacto social\u201d, afirm\u00f3.<\/p>\n\n\n\n<p>Monteros remarc\u00f3 que, gracias a este trabajo conjunto, se llevaron obras de infraestructura y servicios b\u00e1sicos al interior profundo de la provincia. \u201cHoy hemos podido llevar dignidad a la gente del interior profundo, donde en cada una de las comunas se han realizado obras de infraestructura que han beneficiado a vecinos que quiz\u00e1s estaban olvidados: alumbrado p\u00fablico, plazas, playones deportivos y pavimento\u201d, enumer\u00f3.<\/p>\n\n\n\n<p>Finalmente, subray\u00f3 que la gesti\u00f3n del gobernador Jaldo se distingue por su b\u00fasqueda del equilibrio y la justicia social, valores que orientan las acciones del Ministerio del Interior en todo el territorio tucumano.<\/p>\n\n\n\n<p id=\"isPasted\"><strong>Seguridad: resultados hist\u00f3ricos y fortalecimiento institucional<\/strong><\/p>\n\n\n\n<p>El ministro de Seguridad, Eugenio Ag\u00fcero Gamboa, destac\u00f3 los avances logrados en la lucha contra el narcomenudeo y el impacto positivo de las pol\u00edticas de seguridad implementadas durante los dos a\u00f1os de gesti\u00f3n. \u201cAplicamos grandes procedimientos en la provincia y tambi\u00e9n trabajamos con el Operativo Lapacho, que fue m\u00e1s all\u00e1 de la sustancia prohibida, actuando tambi\u00e9n contra otros tipos de evasi\u00f3n y delitos. Eso nos llev\u00f3 a tener 46 mil millones de pesos en secuestros\u201d, precis\u00f3 el funcionario.<\/p>\n\n\n\n<p>Ag\u00fcero Gamboa subray\u00f3 que los resultados obtenidos reflejan una reducci\u00f3n sostenida de los \u00edndices delictivos. \u201cLo que resume la pol\u00edtica de seguridad en s\u00ed es la baja en los homicidios dolosos. En 2024 alcanzamos una baja hist\u00f3rica, con una tasa de 3,72 cada 100.000 habitantes, y en lo que va de 2025 tenemos una tasa de 1,57 cada 100.000 habitantes\u201d, inform\u00f3.<\/p>\n\n\n\n<p>Adem\u00e1s, indic\u00f3 que en los dos a\u00f1os de gesti\u00f3n se logr\u00f3 reducir los delitos contra la propiedad en un 31% acumulado, lo que demuestra la efectividad de las medidas implementadas.<\/p>\n\n\n\n<p>El ministro tambi\u00e9n hizo hincapi\u00e9 en las obras y mejoras en infraestructura destinadas a fortalecer el trabajo policial y penitenciario. \u201cSe han realizado obras muy importantes tanto para la Polic\u00eda como para el Servicio Penitenciario, descentralizando y distribuyendo la presencia policial en el interior, con la creaci\u00f3n de nuevas brigadas motorizadas, la incorporaci\u00f3n de canes, tecnolog\u00eda, chalecos antibalas, armamento nuevo y veh\u00edculos\u201d, detall\u00f3.<\/p>\n\n\n\n<p>En el \u00e1mbito penitenciario, Ag\u00fcero Gamboa destac\u00f3 la puesta en marcha de nuevos complejos que ampl\u00edan la capacidad y modernizan el sistema. \u201cTenemos inaugurados los complejos penitenciarios de Benjam\u00edn Paz y Delf\u00edn Gallo, y el complejo de Las Talitas ya se encuentra con un 50% de avance en su construcci\u00f3n\u201d, precis\u00f3<\/p>\n","protected":false},"excerpt":{"rendered":"<p>Compart\u00ed la noticia En el Sal\u00f3n Blanco de Casa de Gobierno, el gobernador Osvaldo Jaldo&#8230;<\/p>\n","protected":false},"author":2,"featured_media":0,"comment_status":"open","ping_status":"open","sticky":false,"template":"","format":"standard","meta":{"footnotes":""},"categories":[2],"tags":[],"class_list":["post-48785","post","type-post","status-publish","format-standard","hentry","category-locales"],"_links":{"self":[{"href":"https:\/\/masquenoticiastucuman.com.ar\/index.php?rest_route=\/wp\/v2\/posts\/48785","targetHints":{"allow":["GET"]}}],"collection":[{"href":"https:\/\/masquenoticiastucuman.com.ar\/index.php?rest_route=\/wp\/v2\/posts"}],"about":[{"href":"https:\/\/masquenoticiastucuman.com.ar\/index.php?rest_route=\/wp\/v2\/types\/post"}],"author":[{"embeddable":true,"href":"https:\/\/masquenoticiastucuman.com.ar\/index.php?rest_route=\/wp\/v2\/users\/2"}],"replies":[{"embeddable":true,"href":"https:\/\/masquenoticiastucuman.com.ar\/index.php?rest_route=%2Fwp%2Fv2%2Fcomments&post=48785"}],"version-history":[{"count":1,"href":"https:\/\/masquenoticiastucuman.com.ar\/index.php?rest_route=\/wp\/v2\/posts\/48785\/revisions"}],"predecessor-version":[{"id":48787,"href":"https:\/\/masquenoticiastucuman.com.ar\/index.php?rest_route=\/wp\/v2\/posts\/48785\/revisions\/48787"}],"wp:attachment":[{"href":"https:\/\/masquenoticiastucuman.com.ar\/index.php?rest_route=%2Fwp%2Fv2%2Fmedia&parent=48785"}],"wp:term":[{"taxonomy":"category","embeddable":true,"href":"https:\/\/masquenoticiastucuman.com.ar\/index.php?rest_route=%2Fwp%2Fv2%2Fcategories&post=48785"},{"taxonomy":"post_tag","embeddable":true,"href":"https:\/\/masquenoticiastucuman.com.ar\/index.php?rest_route=%2Fwp%2Fv2%2Ftags&post=48785"}],"curies":[{"name":"wp","href":"https:\/\/api.w.org\/{rel}","templated":true}]}}