{"id":48788,"date":"2025-10-30T08:33:03","date_gmt":"2025-10-30T11:33:03","guid":{"rendered":"https:\/\/masquenoticiastucuman.com.ar\/?p=48788"},"modified":"2025-10-30T08:33:04","modified_gmt":"2025-10-30T11:33:04","slug":"la-plaza-independencia-sera-sede-del-evento-de-cierre-del-mes-de-la-salud-mental","status":"publish","type":"post","link":"https:\/\/masquenoticiastucuman.com.ar\/?p=48788","title":{"rendered":"La Plaza Independencia ser\u00e1 sede del evento de cierre del Mes de la Salud Mental"},"content":{"rendered":"\n<p>Este viernes 31 se llevar\u00e1 a cabo la iniciativa de prevenci\u00f3n y promoci\u00f3n de la mano de los residentes de psicolog\u00eda del Hospital Nuestra Se\u00f1ora del Carmen y del Hospital Obarrio<\/p>\n\n\n\n<p id=\"isPasted\">Como es prioridad para la gesti\u00f3n gubernamental del contador<strong>&nbsp;Osvaldo Jald<\/strong>o y del Ministerio de Salud P\u00fablica, a cargo del doctor<strong>&nbsp;Luis Medina Ruiz,<\/strong>&nbsp;se trabaj\u00f3 de forma destacada durante todo octubre para concientizar acerca de las problem\u00e1ticas de salud mental que aquejan a la sociedad. Este viernes 31 se llevar\u00e1 a cabo la iniciativa de prevenci\u00f3n y promoci\u00f3n de la mano de los residentes de psicolog\u00eda del Hospital Nuestra Se\u00f1ora del Carmen y del Hospital Obarrio, de 11:00 a 15:00 horas.<\/p>\n\n\n\n<p>La titular de la Direcci\u00f3n General de Salud Mental y Adicciones de la Provincia, doctora&nbsp;<strong>M\u00f3nica Gonz\u00e1lez,<\/strong>&nbsp;destac\u00f3 que se escogi\u00f3 la Plaza Independencia como sede de la actividad, por tratarse de un espacio donde usualmente circulan y frecuentan muchos adolescentes, especialmente los d\u00edas viernes.<\/p>\n\n\n\n<p>\u201cHabr\u00e1 diferentes actividades recreativas con juegos en los que se difunde y habla sobre salud mental. Que los residentes est\u00e9n en contacto con la gente nos parece una inquietud muy importante y por eso es fundamental para nosotros acompa\u00f1ar la iniciativa de estos profesionales j\u00f3venes que est\u00e1n en su formaci\u00f3n cl\u00ednica, para que se mantengan sensibilizados con la tem\u00e1tica por la que tenemos que trabajar\u201d, refiri\u00f3 la directiva.<\/p>\n\n\n\n<p>Siguiendo esta l\u00ednea Gonz\u00e1lez resalt\u00f3 que es esencial tener herramientas para llegar a los j\u00f3venes, conocer los temas que les interesan: \u201cPor eso nos parece tan importante esta iniciativa de profesionales j\u00f3venes y plantear esta actividad l\u00fadica en la plaza donde se hace tanto por la estimulaci\u00f3n cognitiva y se incentivan sus capacidades para resolver situaciones a partir del juego para, a la vez, gestionar sus emociones. Al mismo tiempo se dar\u00e1 difusi\u00f3n sobre cu\u00e1les son los espacios que brinda salud para que puedan llegar a una consulta cuando la necesiten, favoreciendo ante todo la comunicaci\u00f3n y el compartir espacios, lo cual hace al bienestar de la poblaci\u00f3n\u201d.<\/p>\n","protected":false},"excerpt":{"rendered":"<p>Este viernes 31 se llevar\u00e1 a cabo la iniciativa de prevenci\u00f3n y promoci\u00f3n de la&#8230;<\/p>\n","protected":false},"author":2,"featured_media":0,"comment_status":"open","ping_status":"open","sticky":false,"template":"","format":"standard","meta":{"footnotes":""},"categories":[2],"tags":[],"class_list":["post-48788","post","type-post","status-publish","format-standard","hentry","category-locales"],"_links":{"self":[{"href":"https:\/\/masquenoticiastucuman.com.ar\/index.php?rest_route=\/wp\/v2\/posts\/48788","targetHints":{"allow":["GET"]}}],"collection":[{"href":"https:\/\/masquenoticiastucuman.com.ar\/index.php?rest_route=\/wp\/v2\/posts"}],"about":[{"href":"https:\/\/masquenoticiastucuman.com.ar\/index.php?rest_route=\/wp\/v2\/types\/post"}],"author":[{"embeddable":true,"href":"https:\/\/masquenoticiastucuman.com.ar\/index.php?rest_route=\/wp\/v2\/users\/2"}],"replies":[{"embeddable":true,"href":"https:\/\/masquenoticiastucuman.com.ar\/index.php?rest_route=%2Fwp%2Fv2%2Fcomments&post=48788"}],"version-history":[{"count":1,"href":"https:\/\/masquenoticiastucuman.com.ar\/index.php?rest_route=\/wp\/v2\/posts\/48788\/revisions"}],"predecessor-version":[{"id":48790,"href":"https:\/\/masquenoticiastucuman.com.ar\/index.php?rest_route=\/wp\/v2\/posts\/48788\/revisions\/48790"}],"wp:attachment":[{"href":"https:\/\/masquenoticiastucuman.com.ar\/index.php?rest_route=%2Fwp%2Fv2%2Fmedia&parent=48788"}],"wp:term":[{"taxonomy":"category","embeddable":true,"href":"https:\/\/masquenoticiastucuman.com.ar\/index.php?rest_route=%2Fwp%2Fv2%2Fcategories&post=48788"},{"taxonomy":"post_tag","embeddable":true,"href":"https:\/\/masquenoticiastucuman.com.ar\/index.php?rest_route=%2Fwp%2Fv2%2Ftags&post=48788"}],"curies":[{"name":"wp","href":"https:\/\/api.w.org\/{rel}","templated":true}]}}