{"id":48799,"date":"2025-10-30T09:31:32","date_gmt":"2025-10-30T12:31:32","guid":{"rendered":"http:\/\/masquenoticiastucuman.com.ar\/?p=48799"},"modified":"2025-10-30T09:31:32","modified_gmt":"2025-10-30T12:31:32","slug":"el-recuerdo-de-diego-maradona-en-su-cumpleanos-65-homenajes-festivales-y-hasta-un-congreso-internacional-en-la-uba","status":"publish","type":"post","link":"https:\/\/masquenoticiastucuman.com.ar\/?p=48799","title":{"rendered":"El recuerdo de Diego Maradona en su cumplea\u00f1os 65: homenajes, festivales y hasta un congreso internacional en la UBA"},"content":{"rendered":"<ul>\n<li>Como cada 30 de octubre, pese a su muerte en 2020, los futboleros no lo olvidan.<\/li>\n<li>La Iglesia Maradoniana bautiz\u00f3 a las hermanas del Diez, un canal de streaming hace un evento y en la Facultad de Ciencias Sociales habr\u00e1 tres d\u00edas de estudio.<\/li>\n<\/ul>\n<p>\u200bComo cada 30 de octubre, pese a su muerte en 2020, los futboleros no lo olvidan.La Iglesia Maradoniana bautiz\u00f3 a las hermanas del Diez, un canal de streaming hace un evento y en la Facultad de Ciencias Sociales habr\u00e1 tres d\u00edas de estudio.\u00a0<a href=\"https:\/\/www.clarin.com\/deportes\/recuerdo-diego-maradona-cumpleanos-65-homenajes-festivales-congreso-internacional-uba_0_qIdVCYnwkq.html\" target=\"_blank\" class=\"feedzy-rss-link-icon\">Read More<\/a><\/p>","protected":false},"excerpt":{"rendered":"<p>Como cada 30 de octubre, pese a su muerte en 2020, los futboleros no lo&#8230;<\/p>\n","protected":false},"author":1,"featured_media":0,"comment_status":"open","ping_status":"open","sticky":false,"template":"","format":"standard","meta":{"footnotes":""},"categories":[1],"tags":[],"class_list":["post-48799","post","type-post","status-publish","format-standard","hentry","category-uncategorized"],"_links":{"self":[{"href":"https:\/\/masquenoticiastucuman.com.ar\/index.php?rest_route=\/wp\/v2\/posts\/48799","targetHints":{"allow":["GET"]}}],"collection":[{"href":"https:\/\/masquenoticiastucuman.com.ar\/index.php?rest_route=\/wp\/v2\/posts"}],"about":[{"href":"https:\/\/masquenoticiastucuman.com.ar\/index.php?rest_route=\/wp\/v2\/types\/post"}],"author":[{"embeddable":true,"href":"https:\/\/masquenoticiastucuman.com.ar\/index.php?rest_route=\/wp\/v2\/users\/1"}],"replies":[{"embeddable":true,"href":"https:\/\/masquenoticiastucuman.com.ar\/index.php?rest_route=%2Fwp%2Fv2%2Fcomments&post=48799"}],"version-history":[{"count":0,"href":"https:\/\/masquenoticiastucuman.com.ar\/index.php?rest_route=\/wp\/v2\/posts\/48799\/revisions"}],"wp:attachment":[{"href":"https:\/\/masquenoticiastucuman.com.ar\/index.php?rest_route=%2Fwp%2Fv2%2Fmedia&parent=48799"}],"wp:term":[{"taxonomy":"category","embeddable":true,"href":"https:\/\/masquenoticiastucuman.com.ar\/index.php?rest_route=%2Fwp%2Fv2%2Fcategories&post=48799"},{"taxonomy":"post_tag","embeddable":true,"href":"https:\/\/masquenoticiastucuman.com.ar\/index.php?rest_route=%2Fwp%2Fv2%2Ftags&post=48799"}],"curies":[{"name":"wp","href":"https:\/\/api.w.org\/{rel}","templated":true}]}}