{"id":48811,"date":"2025-10-30T21:31:05","date_gmt":"2025-10-31T00:31:05","guid":{"rendered":"http:\/\/masquenoticiastucuman.com.ar\/?p=48811"},"modified":"2025-10-30T21:31:05","modified_gmt":"2025-10-31T00:31:05","slug":"el-buho-de-bora-qatar-presento-la-mascota-del-mundial-sub-17-con-un-guino-al-historico-milutinovic","status":"publish","type":"post","link":"https:\/\/masquenoticiastucuman.com.ar\/?p=48811","title":{"rendered":"El b\u00faho de Bora: Qatar present\u00f3 la mascota del Mundial Sub 17 con un gui\u00f1o al hist\u00f3rico Milutinovic"},"content":{"rendered":"<ul>\n<li>La FIFA le rinde un homenaje en vida al \u00fanico DT en la historia en dirigir cinco selecciones distintas en cinco Copas del Mundo consecutivas.<\/li>\n<li>La competencia arrancar\u00e1 el pr\u00f3ximo lunes 3 de noviembre.<\/li>\n<\/ul>\n<p>\u200bLa FIFA le rinde un homenaje en vida al \u00fanico DT en la historia en dirigir cinco selecciones distintas en cinco Copas del Mundo consecutivas.La competencia arrancar\u00e1 el pr\u00f3ximo lunes 3 de noviembre.\u00a0<a href=\"https:\/\/www.clarin.com\/deportes\/buho-bora-qatar-presento-mascota-mundial-sub-17-guino-historico-milutinovic_0_eb8v7dJ9JD.html\" target=\"_blank\" class=\"feedzy-rss-link-icon\">Read More<\/a><\/p>","protected":false},"excerpt":{"rendered":"<p>La FIFA le rinde un homenaje en vida al \u00fanico DT en la historia en&#8230;<\/p>\n","protected":false},"author":1,"featured_media":0,"comment_status":"open","ping_status":"open","sticky":false,"template":"","format":"standard","meta":{"footnotes":""},"categories":[1],"tags":[],"class_list":["post-48811","post","type-post","status-publish","format-standard","hentry","category-uncategorized"],"_links":{"self":[{"href":"https:\/\/masquenoticiastucuman.com.ar\/index.php?rest_route=\/wp\/v2\/posts\/48811","targetHints":{"allow":["GET"]}}],"collection":[{"href":"https:\/\/masquenoticiastucuman.com.ar\/index.php?rest_route=\/wp\/v2\/posts"}],"about":[{"href":"https:\/\/masquenoticiastucuman.com.ar\/index.php?rest_route=\/wp\/v2\/types\/post"}],"author":[{"embeddable":true,"href":"https:\/\/masquenoticiastucuman.com.ar\/index.php?rest_route=\/wp\/v2\/users\/1"}],"replies":[{"embeddable":true,"href":"https:\/\/masquenoticiastucuman.com.ar\/index.php?rest_route=%2Fwp%2Fv2%2Fcomments&post=48811"}],"version-history":[{"count":0,"href":"https:\/\/masquenoticiastucuman.com.ar\/index.php?rest_route=\/wp\/v2\/posts\/48811\/revisions"}],"wp:attachment":[{"href":"https:\/\/masquenoticiastucuman.com.ar\/index.php?rest_route=%2Fwp%2Fv2%2Fmedia&parent=48811"}],"wp:term":[{"taxonomy":"category","embeddable":true,"href":"https:\/\/masquenoticiastucuman.com.ar\/index.php?rest_route=%2Fwp%2Fv2%2Fcategories&post=48811"},{"taxonomy":"post_tag","embeddable":true,"href":"https:\/\/masquenoticiastucuman.com.ar\/index.php?rest_route=%2Fwp%2Fv2%2Ftags&post=48811"}],"curies":[{"name":"wp","href":"https:\/\/api.w.org\/{rel}","templated":true}]}}