{"id":48818,"date":"2025-10-31T07:37:46","date_gmt":"2025-10-31T10:37:46","guid":{"rendered":"https:\/\/masquenoticiastucuman.com.ar\/?p=48818"},"modified":"2025-10-31T07:37:46","modified_gmt":"2025-10-31T10:37:46","slug":"detuvieron-a-la-ex-pareja-de-karla-robles","status":"publish","type":"post","link":"https:\/\/masquenoticiastucuman.com.ar\/?p=48818","title":{"rendered":"Detuvieron a la ex pareja de Karla Robles"},"content":{"rendered":"\n<p>Se investiga si tuvo alg\u00fan tipo de participaci\u00f3n en la muerte de la joven de 27 a\u00f1os<\/p>\n\n\n\n<p>Ricardo Zerda fue detenido esta madrugada en el marco de medidas llevadas a cabo por la Unidad Especializada de Homicidios I del Ministerio Fiscal, a cargo de Pedro Gallo. Se investiga si tuvo alg\u00fan tipo de participaci\u00f3n en la muerte de la joven de 27 a\u00f1os.<\/p>\n\n\n\n<p>En un procedimiento realizado esta madrugada en el Hospital Obarrio, se produjo la detenci\u00f3n de Ricardo Zerda. Se trata de la expareja de Karla Robles (27), fallecida la semana pasada y cuya muerte es materia de investigaci\u00f3n. Dichas medidas fueron llevadas a adelante por la Unidad Especializada de Homicidios I , a cargo de Pedro Gallo. <\/p>\n\n\n\n<p>La fiscal\u00eda trabaja en determinar las causas de la muerte de la joven Karla Robles ocurrido el pasado 24 de octubre.<\/p>\n\n\n\n<p>\u201cTenemos en curso pericias de tel\u00e9fonos celulares que han sido secuestrados junto con el an\u00e1lisis de redes sociales, a cargo de un \u00e1rea especializada de la polic\u00eda de la provincia\u201d, hab\u00eda adelantado ayer el fiscal Gallo quien adem\u00e1s inform\u00f3 que ya se recibieron declaraciones de testigos y vecinos.<\/p>\n","protected":false},"excerpt":{"rendered":"<p>Se investiga si tuvo alg\u00fan tipo de participaci\u00f3n en la muerte de la joven de&#8230;<\/p>\n","protected":false},"author":2,"featured_media":0,"comment_status":"open","ping_status":"open","sticky":false,"template":"","format":"standard","meta":{"footnotes":""},"categories":[2],"tags":[],"class_list":["post-48818","post","type-post","status-publish","format-standard","hentry","category-locales"],"_links":{"self":[{"href":"https:\/\/masquenoticiastucuman.com.ar\/index.php?rest_route=\/wp\/v2\/posts\/48818","targetHints":{"allow":["GET"]}}],"collection":[{"href":"https:\/\/masquenoticiastucuman.com.ar\/index.php?rest_route=\/wp\/v2\/posts"}],"about":[{"href":"https:\/\/masquenoticiastucuman.com.ar\/index.php?rest_route=\/wp\/v2\/types\/post"}],"author":[{"embeddable":true,"href":"https:\/\/masquenoticiastucuman.com.ar\/index.php?rest_route=\/wp\/v2\/users\/2"}],"replies":[{"embeddable":true,"href":"https:\/\/masquenoticiastucuman.com.ar\/index.php?rest_route=%2Fwp%2Fv2%2Fcomments&post=48818"}],"version-history":[{"count":1,"href":"https:\/\/masquenoticiastucuman.com.ar\/index.php?rest_route=\/wp\/v2\/posts\/48818\/revisions"}],"predecessor-version":[{"id":48820,"href":"https:\/\/masquenoticiastucuman.com.ar\/index.php?rest_route=\/wp\/v2\/posts\/48818\/revisions\/48820"}],"wp:attachment":[{"href":"https:\/\/masquenoticiastucuman.com.ar\/index.php?rest_route=%2Fwp%2Fv2%2Fmedia&parent=48818"}],"wp:term":[{"taxonomy":"category","embeddable":true,"href":"https:\/\/masquenoticiastucuman.com.ar\/index.php?rest_route=%2Fwp%2Fv2%2Fcategories&post=48818"},{"taxonomy":"post_tag","embeddable":true,"href":"https:\/\/masquenoticiastucuman.com.ar\/index.php?rest_route=%2Fwp%2Fv2%2Ftags&post=48818"}],"curies":[{"name":"wp","href":"https:\/\/api.w.org\/{rel}","templated":true}]}}