{"id":48821,"date":"2025-10-31T09:01:03","date_gmt":"2025-10-31T12:01:03","guid":{"rendered":"http:\/\/masquenoticiastucuman.com.ar\/?p=48821"},"modified":"2025-10-31T09:01:03","modified_gmt":"2025-10-31T12:01:03","slug":"tras-las-retenciones-cero-vuelven-los-agrodolares-el-campo-aportara-hasta-us-7-500-millones-durante-el-verano","status":"publish","type":"post","link":"https:\/\/masquenoticiastucuman.com.ar\/?p=48821","title":{"rendered":"Tras las retenciones cero, vuelven los &#8220;agrod\u00f3lares&#8221;: el campo aportar\u00e1 hasta US$ 7.500 millones durante el verano"},"content":{"rendered":"<ul>\n<li>La cosecha fina de trigo, ma\u00edz y cebada dar\u00e1 un &#8220;puente&#8221; de divisas hasta la soja del 2026.<\/li>\n<li>La liquidaci\u00f3n ser\u00e1 menor en esta parte del a\u00f1o porque se aceleraron las ventas durante la ventana sin impuestos.<\/li>\n<\/ul>","protected":false},"excerpt":{"rendered":"<p>La cosecha fina de trigo, ma\u00edz y cebada dar\u00e1 un &#8220;puente&#8221; de divisas hasta la&#8230;<\/p>\n","protected":false},"author":1,"featured_media":0,"comment_status":"open","ping_status":"open","sticky":false,"template":"","format":"standard","meta":{"footnotes":""},"categories":[],"tags":[],"class_list":["post-48821","post","type-post","status-publish","format-standard","hentry"],"_links":{"self":[{"href":"https:\/\/masquenoticiastucuman.com.ar\/index.php?rest_route=\/wp\/v2\/posts\/48821","targetHints":{"allow":["GET"]}}],"collection":[{"href":"https:\/\/masquenoticiastucuman.com.ar\/index.php?rest_route=\/wp\/v2\/posts"}],"about":[{"href":"https:\/\/masquenoticiastucuman.com.ar\/index.php?rest_route=\/wp\/v2\/types\/post"}],"author":[{"embeddable":true,"href":"https:\/\/masquenoticiastucuman.com.ar\/index.php?rest_route=\/wp\/v2\/users\/1"}],"replies":[{"embeddable":true,"href":"https:\/\/masquenoticiastucuman.com.ar\/index.php?rest_route=%2Fwp%2Fv2%2Fcomments&post=48821"}],"version-history":[{"count":0,"href":"https:\/\/masquenoticiastucuman.com.ar\/index.php?rest_route=\/wp\/v2\/posts\/48821\/revisions"}],"wp:attachment":[{"href":"https:\/\/masquenoticiastucuman.com.ar\/index.php?rest_route=%2Fwp%2Fv2%2Fmedia&parent=48821"}],"wp:term":[{"taxonomy":"category","embeddable":true,"href":"https:\/\/masquenoticiastucuman.com.ar\/index.php?rest_route=%2Fwp%2Fv2%2Fcategories&post=48821"},{"taxonomy":"post_tag","embeddable":true,"href":"https:\/\/masquenoticiastucuman.com.ar\/index.php?rest_route=%2Fwp%2Fv2%2Ftags&post=48821"}],"curies":[{"name":"wp","href":"https:\/\/api.w.org\/{rel}","templated":true}]}}