{"id":48829,"date":"2025-10-31T09:31:06","date_gmt":"2025-10-31T12:31:06","guid":{"rendered":"http:\/\/masquenoticiastucuman.com.ar\/?p=48829"},"modified":"2025-10-31T09:31:06","modified_gmt":"2025-10-31T12:31:06","slug":"el-dia-mundial-del-futbol-el-invento-de-la-fifa-que-no-funciono-un-america-vs-europa-en-una-cancha-semivacia-el-argentino-que-se-convirtio-en-heroe-y-la-estrella-que-perdio-4-mil-dolares","status":"publish","type":"post","link":"https:\/\/masquenoticiastucuman.com.ar\/?p=48829","title":{"rendered":"El D\u00eda Mundial del F\u00fatbol, el &#8220;invento&#8221; de la FIFA que no funcion\u00f3: un Am\u00e9rica vs Europa en una cancha semivac\u00eda, el argentino que se convirti\u00f3 en h\u00e9roe y la estrella que perdi\u00f3 4 mil d\u00f3lares"},"content":{"rendered":"<ul>\n<li>Se jug\u00f3 el 31 de octubre de 1973 en el Camp Nou, con Johan Cruyff como una de las grandes figuras y Francisco Franco en el palco.<\/li>\n<li>El arquero Daniel Carnevali se luci\u00f3 en la tanda de penales y contuvo tres remates.<\/li>\n<\/ul>\n<p>\u200bSe jug\u00f3 el 31 de octubre de 1973 en el Camp Nou, con Johan Cruyff como una de las grandes figuras y Francisco Franco en el palco.El arquero Daniel Carnevali se luci\u00f3 en la tanda de penales y contuvo tres remates.\u00a0<a href=\"https:\/\/www.clarin.com\/deportes\/dia-mundial-futbol-invento-fifa-funciono-america-vs-europa-cancha-semivacia-argentino-convirtio-heroe-estrella-perdio-4-mil-dolares_0_c4TG4t9Txd.html\" target=\"_blank\" class=\"feedzy-rss-link-icon\">Read More<\/a><\/p>","protected":false},"excerpt":{"rendered":"<p>Se jug\u00f3 el 31 de octubre de 1973 en el Camp Nou, con Johan Cruyff&#8230;<\/p>\n","protected":false},"author":1,"featured_media":0,"comment_status":"open","ping_status":"open","sticky":false,"template":"","format":"standard","meta":{"footnotes":""},"categories":[1],"tags":[],"class_list":["post-48829","post","type-post","status-publish","format-standard","hentry","category-uncategorized"],"_links":{"self":[{"href":"https:\/\/masquenoticiastucuman.com.ar\/index.php?rest_route=\/wp\/v2\/posts\/48829","targetHints":{"allow":["GET"]}}],"collection":[{"href":"https:\/\/masquenoticiastucuman.com.ar\/index.php?rest_route=\/wp\/v2\/posts"}],"about":[{"href":"https:\/\/masquenoticiastucuman.com.ar\/index.php?rest_route=\/wp\/v2\/types\/post"}],"author":[{"embeddable":true,"href":"https:\/\/masquenoticiastucuman.com.ar\/index.php?rest_route=\/wp\/v2\/users\/1"}],"replies":[{"embeddable":true,"href":"https:\/\/masquenoticiastucuman.com.ar\/index.php?rest_route=%2Fwp%2Fv2%2Fcomments&post=48829"}],"version-history":[{"count":0,"href":"https:\/\/masquenoticiastucuman.com.ar\/index.php?rest_route=\/wp\/v2\/posts\/48829\/revisions"}],"wp:attachment":[{"href":"https:\/\/masquenoticiastucuman.com.ar\/index.php?rest_route=%2Fwp%2Fv2%2Fmedia&parent=48829"}],"wp:term":[{"taxonomy":"category","embeddable":true,"href":"https:\/\/masquenoticiastucuman.com.ar\/index.php?rest_route=%2Fwp%2Fv2%2Fcategories&post=48829"},{"taxonomy":"post_tag","embeddable":true,"href":"https:\/\/masquenoticiastucuman.com.ar\/index.php?rest_route=%2Fwp%2Fv2%2Ftags&post=48829"}],"curies":[{"name":"wp","href":"https:\/\/api.w.org\/{rel}","templated":true}]}}