{"id":48835,"date":"2025-10-31T11:01:08","date_gmt":"2025-10-31T14:01:08","guid":{"rendered":"http:\/\/masquenoticiastucuman.com.ar\/?p=48835"},"modified":"2025-10-31T11:01:08","modified_gmt":"2025-10-31T14:01:08","slug":"la-carne-argentina-va-por-mas-en-china-se-viene-la-feria-ciie","status":"publish","type":"post","link":"https:\/\/masquenoticiastucuman.com.ar\/?p=48835","title":{"rendered":"La carne argentina va por m\u00e1s en China: se viene la feria CIIE"},"content":{"rendered":"<ul>\n<li>El Instituto de Promoci\u00f3n de la Carne Vacuna Argentina (IPCVA) participar\u00e1, acompa\u00f1ado por empresas exportadoras, en la China International Import Expo.<\/li>\n<li>Una los objetivos es abrir el mercado chino para las menudencias argentinas.<\/li>\n<\/ul>","protected":false},"excerpt":{"rendered":"<p>El Instituto de Promoci\u00f3n de la Carne Vacuna Argentina (IPCVA) participar\u00e1, acompa\u00f1ado por empresas exportadoras,&#8230;<\/p>\n","protected":false},"author":1,"featured_media":0,"comment_status":"open","ping_status":"open","sticky":false,"template":"","format":"standard","meta":{"footnotes":""},"categories":[],"tags":[],"class_list":["post-48835","post","type-post","status-publish","format-standard","hentry"],"_links":{"self":[{"href":"https:\/\/masquenoticiastucuman.com.ar\/index.php?rest_route=\/wp\/v2\/posts\/48835","targetHints":{"allow":["GET"]}}],"collection":[{"href":"https:\/\/masquenoticiastucuman.com.ar\/index.php?rest_route=\/wp\/v2\/posts"}],"about":[{"href":"https:\/\/masquenoticiastucuman.com.ar\/index.php?rest_route=\/wp\/v2\/types\/post"}],"author":[{"embeddable":true,"href":"https:\/\/masquenoticiastucuman.com.ar\/index.php?rest_route=\/wp\/v2\/users\/1"}],"replies":[{"embeddable":true,"href":"https:\/\/masquenoticiastucuman.com.ar\/index.php?rest_route=%2Fwp%2Fv2%2Fcomments&post=48835"}],"version-history":[{"count":0,"href":"https:\/\/masquenoticiastucuman.com.ar\/index.php?rest_route=\/wp\/v2\/posts\/48835\/revisions"}],"wp:attachment":[{"href":"https:\/\/masquenoticiastucuman.com.ar\/index.php?rest_route=%2Fwp%2Fv2%2Fmedia&parent=48835"}],"wp:term":[{"taxonomy":"category","embeddable":true,"href":"https:\/\/masquenoticiastucuman.com.ar\/index.php?rest_route=%2Fwp%2Fv2%2Fcategories&post=48835"},{"taxonomy":"post_tag","embeddable":true,"href":"https:\/\/masquenoticiastucuman.com.ar\/index.php?rest_route=%2Fwp%2Fv2%2Ftags&post=48835"}],"curies":[{"name":"wp","href":"https:\/\/api.w.org\/{rel}","templated":true}]}}