{"id":48850,"date":"2025-10-31T21:31:05","date_gmt":"2025-11-01T00:31:05","guid":{"rendered":"http:\/\/masquenoticiastucuman.com.ar\/?p=48850"},"modified":"2025-10-31T21:31:05","modified_gmt":"2025-11-01T00:31:05","slug":"instituto-vs-rosario-central-por-el-torneo-clausura-2025-de-la-liga-profesional-de-futbol-minuto-a-minuto-en-directo","status":"publish","type":"post","link":"https:\/\/masquenoticiastucuman.com.ar\/?p=48850","title":{"rendered":"Instituto vs Rosario Central por el Torneo Clausura 2025 de la Liga Profesional de F\u00fatbol: minuto a minuto, en directo"},"content":{"rendered":"<ul>\n<li>Se enfrentan en el Monumental Presidente Per\u00f3n de C\u00f3rdoba por la jornada 14 del Clausura. <\/li>\n<li>Con el arbitraje de Nicol\u00e1s Ram\u00edrez y Pablo D\u00f3valo en el VAR.<\/li>\n<li>Por ESPN Premium. <\/li>\n<\/ul>\n<p>\u200bSe enfrentan en el Monumental Presidente Per\u00f3n de C\u00f3rdoba por la jornada 14 del Clausura. Con el arbitraje de Nicol\u00e1s Ram\u00edrez y Pablo D\u00f3valo en el VAR.Por ESPN Premium.\u00a0<a href=\"https:\/\/www.clarin.com\/deportes\/instituto-vs-rosario-central-torneo-clausura-2025-liga-profesional-futbol-minuto-minuto-directo_0_kMAieRq4aE.html\" target=\"_blank\" class=\"feedzy-rss-link-icon\">Read More<\/a><\/p>","protected":false},"excerpt":{"rendered":"<p>Se enfrentan en el Monumental Presidente Per\u00f3n de C\u00f3rdoba por la jornada 14 del Clausura&#8230;.<\/p>\n","protected":false},"author":1,"featured_media":0,"comment_status":"open","ping_status":"open","sticky":false,"template":"","format":"standard","meta":{"footnotes":""},"categories":[1],"tags":[],"class_list":["post-48850","post","type-post","status-publish","format-standard","hentry","category-uncategorized"],"_links":{"self":[{"href":"https:\/\/masquenoticiastucuman.com.ar\/index.php?rest_route=\/wp\/v2\/posts\/48850","targetHints":{"allow":["GET"]}}],"collection":[{"href":"https:\/\/masquenoticiastucuman.com.ar\/index.php?rest_route=\/wp\/v2\/posts"}],"about":[{"href":"https:\/\/masquenoticiastucuman.com.ar\/index.php?rest_route=\/wp\/v2\/types\/post"}],"author":[{"embeddable":true,"href":"https:\/\/masquenoticiastucuman.com.ar\/index.php?rest_route=\/wp\/v2\/users\/1"}],"replies":[{"embeddable":true,"href":"https:\/\/masquenoticiastucuman.com.ar\/index.php?rest_route=%2Fwp%2Fv2%2Fcomments&post=48850"}],"version-history":[{"count":0,"href":"https:\/\/masquenoticiastucuman.com.ar\/index.php?rest_route=\/wp\/v2\/posts\/48850\/revisions"}],"wp:attachment":[{"href":"https:\/\/masquenoticiastucuman.com.ar\/index.php?rest_route=%2Fwp%2Fv2%2Fmedia&parent=48850"}],"wp:term":[{"taxonomy":"category","embeddable":true,"href":"https:\/\/masquenoticiastucuman.com.ar\/index.php?rest_route=%2Fwp%2Fv2%2Fcategories&post=48850"},{"taxonomy":"post_tag","embeddable":true,"href":"https:\/\/masquenoticiastucuman.com.ar\/index.php?rest_route=%2Fwp%2Fv2%2Ftags&post=48850"}],"curies":[{"name":"wp","href":"https:\/\/api.w.org\/{rel}","templated":true}]}}