{"id":48867,"date":"2025-11-01T10:45:50","date_gmt":"2025-11-01T13:45:50","guid":{"rendered":"https:\/\/masquenoticiastucuman.com.ar\/?p=48867"},"modified":"2025-11-01T10:45:51","modified_gmt":"2025-11-01T13:45:51","slug":"tucuman-cerro-el-octubre-rosa-con-mas-de-4-500-mamografias-realizadas","status":"publish","type":"post","link":"https:\/\/masquenoticiastucuman.com.ar\/?p=48867","title":{"rendered":"Tucum\u00e1n cerr\u00f3 el \u201cOctubre Rosa\u201d con m\u00e1s de 4.500 mamograf\u00edas realizadas"},"content":{"rendered":"\n<p>Bajo los lineamientos del gobernador, contador Osvaldo Jaldo, el Ministro de Salud P\u00fablica de Tucum\u00e1n, doctor Luis Medina Ruiz, encabez\u00f3 el cierre del mes de sensibilizaci\u00f3n sobre el c\u00e1ncer de mama.<\/p>\n\n\n\n<p id=\"isPasted\">Durante la campa\u00f1a se realizaron miles de mamograf\u00edas en toda la provincia y se lograron diagn\u00f3sticos tempranos que permitir\u00e1n tratamientos oportunos y mayores posibilidades de curaci\u00f3n.<\/p>\n\n\n\n<figure class=\"wp-block-image size-large\"><img loading=\"lazy\" decoding=\"async\" width=\"1024\" height=\"684\" src=\"https:\/\/masquenoticiastucuman.com.ar\/wp-content\/uploads\/2025\/11\/mes-rosa-2-1024x684.jpg\" alt=\"\" class=\"wp-image-48868\" srcset=\"https:\/\/masquenoticiastucuman.com.ar\/wp-content\/uploads\/2025\/11\/mes-rosa-2-1024x684.jpg 1024w, https:\/\/masquenoticiastucuman.com.ar\/wp-content\/uploads\/2025\/11\/mes-rosa-2-300x200.jpg 300w, https:\/\/masquenoticiastucuman.com.ar\/wp-content\/uploads\/2025\/11\/mes-rosa-2-768x513.jpg 768w, https:\/\/masquenoticiastucuman.com.ar\/wp-content\/uploads\/2025\/11\/mes-rosa-2.jpg 1200w\" sizes=\"auto, (max-width: 1024px) 100vw, 1024px\" \/><\/figure>\n\n\n\n<p>Con un acto simb\u00f3lico en las instalaciones de General Paz 555, el Ministerio de Salud P\u00fablica de Tucum\u00e1n, cerr\u00f3 las actividades del \u201cOctubre Rosa\u201d, mes dedicado a la prevenci\u00f3n y detecci\u00f3n precoz del c\u00e1ncer de mama. El representante de la cartera sanitaria, doctor Luis Medina Ruiz, encabez\u00f3 la jornada, y destac\u00f3 el trabajo articulado de todo el sistema sanitario provincial, y expres\u00f3: \u201cFinaliza el mes de octubre, termina el mes de la mujer, y nosotros desde el gobierno de la provincia, a cargo de Contador Osvaldo Jaldo, desde el Ministerio de Salud, enfatizamos los programas de prevenci\u00f3n y detecci\u00f3n temprana de enfermedades de la mujer. B\u00e1sicamente, el c\u00e1ncer de cuello uterino y el c\u00e1ncer de mama\u201d.&nbsp;<\/p>\n\n\n\n<p>El funcionario adem\u00e1s inform\u00f3 que durante la campa\u00f1a se realizaron m\u00e1s de 4.500 mamograf\u00edas en toda la provincia y que se detectaron casos de c\u00e1ncer de mama en etapas tempranas, lo que permitir\u00e1 un tratamiento m\u00e1s efectivo y mejores resultados para las pacientes, y a\u00f1adi\u00f3: \u201cDe eso se trata, de venir a festejar el trabajo realizado porque se detectaron mujeres que van a tener curaci\u00f3n, que no van a pasar por \u00e9pocas de sufrimiento ni complicaciones mayores. Agradezco profundamente al equipo de salud, al Programa Integrado de Salud y a todos los que trabajaron en la red de servicios, tanto en los hospitales como en el interior de la provincia\u201d.<\/p>\n\n\n\n<p>Por su parte, la directora del Programa Integrado de Salud, doctora Noellia Bottone , explic\u00f3 que la jornada de cierre tuvo como objetivo reunir a las distintas \u00e1reas que trabajaron de manera conjunta durante el mes, y cont\u00f3: \u201cLa idea era poder convocar a las distintas direcciones que estamos ac\u00e1 en General Paz 555, para dar cierre a este Octubre Rosa, que ha sido muy convocante. Nuestro lema es prevenir para evitar complicaciones mayores, sabiendo que todas las mujeres, en los distintos CAPS y efectores de la provincia, pueden acceder a una mamograf\u00eda y lograr un diagn\u00f3stico precoz de un c\u00e1ncer que puede tener cura\u201d.<\/p>\n\n\n\n<p>Bottone adem\u00e1s destac\u00f3 el compromiso de los equipos de salud que participaron activamente en las actividades de promoci\u00f3n y concientizaci\u00f3n, diciendo: \u201cToda la gente ha estado poniendo su cuerpo en cada una de estas acciones, llevando este mensaje a toda la provincia. Por eso quisimos hacer una foto grupal, celebrando el trabajo colectivo y el \u00e9xito de esta campa\u00f1a\u201d.<\/p>\n\n\n\n<p>Finalmente, la referente del Programa de C\u00e1ncer de Mama de la provincia, doctora Estela Esquivel, resalt\u00f3 la importancia de mantener la continuidad de estas acciones durante todo el a\u00f1o, diciendo: \u201cHa sido un mes muy intenso. Se ha trabajado mucho y hemos redoblado esfuerzos, pero nuestro trabajo contin\u00faa a lo largo de todo el a\u00f1o. Octubre visibiliza lo que hacemos permanentemente. Este mes ha sido muy provechoso, no solo para el programa sino tambi\u00e9n para las mujeres que pudieron acercarse a nuestros nodos mamogr\u00e1ficos, realizarse estudios y controles\u201d.&nbsp;<\/p>\n\n\n\n<p>La especialista record\u00f3 que el c\u00e1ncer de mama y el c\u00e1ncer de cuello uterino son las principales causas de muerte por c\u00e1ncer en mujeres, y enfatiz\u00f3 que la detecci\u00f3n temprana salva vidas: \u201cEstamos muy contentos con los resultados y este cierre nos impulsa a seguir trabajando con m\u00e1s fuerza para mejorar la gesti\u00f3n y ampliar la cobertura de atenci\u00f3n\u201d, concluy\u00f3 Esquivel.<\/p>\n","protected":false},"excerpt":{"rendered":"<p>Bajo los lineamientos del gobernador, contador Osvaldo Jaldo, el Ministro de Salud P\u00fablica de Tucum\u00e1n,&#8230;<\/p>\n","protected":false},"author":2,"featured_media":48869,"comment_status":"open","ping_status":"open","sticky":false,"template":"","format":"standard","meta":{"footnotes":""},"categories":[2],"tags":[],"class_list":["post-48867","post","type-post","status-publish","format-standard","has-post-thumbnail","hentry","category-locales"],"_links":{"self":[{"href":"https:\/\/masquenoticiastucuman.com.ar\/index.php?rest_route=\/wp\/v2\/posts\/48867","targetHints":{"allow":["GET"]}}],"collection":[{"href":"https:\/\/masquenoticiastucuman.com.ar\/index.php?rest_route=\/wp\/v2\/posts"}],"about":[{"href":"https:\/\/masquenoticiastucuman.com.ar\/index.php?rest_route=\/wp\/v2\/types\/post"}],"author":[{"embeddable":true,"href":"https:\/\/masquenoticiastucuman.com.ar\/index.php?rest_route=\/wp\/v2\/users\/2"}],"replies":[{"embeddable":true,"href":"https:\/\/masquenoticiastucuman.com.ar\/index.php?rest_route=%2Fwp%2Fv2%2Fcomments&post=48867"}],"version-history":[{"count":1,"href":"https:\/\/masquenoticiastucuman.com.ar\/index.php?rest_route=\/wp\/v2\/posts\/48867\/revisions"}],"predecessor-version":[{"id":48870,"href":"https:\/\/masquenoticiastucuman.com.ar\/index.php?rest_route=\/wp\/v2\/posts\/48867\/revisions\/48870"}],"wp:featuredmedia":[{"embeddable":true,"href":"https:\/\/masquenoticiastucuman.com.ar\/index.php?rest_route=\/wp\/v2\/media\/48869"}],"wp:attachment":[{"href":"https:\/\/masquenoticiastucuman.com.ar\/index.php?rest_route=%2Fwp%2Fv2%2Fmedia&parent=48867"}],"wp:term":[{"taxonomy":"category","embeddable":true,"href":"https:\/\/masquenoticiastucuman.com.ar\/index.php?rest_route=%2Fwp%2Fv2%2Fcategories&post=48867"},{"taxonomy":"post_tag","embeddable":true,"href":"https:\/\/masquenoticiastucuman.com.ar\/index.php?rest_route=%2Fwp%2Fv2%2Ftags&post=48867"}],"curies":[{"name":"wp","href":"https:\/\/api.w.org\/{rel}","templated":true}]}}