{"id":48879,"date":"2025-11-01T21:31:04","date_gmt":"2025-11-02T00:31:04","guid":{"rendered":"http:\/\/masquenoticiastucuman.com.ar\/?p=48879"},"modified":"2025-11-01T21:31:04","modified_gmt":"2025-11-02T00:31:04","slug":"asi-quedaron-las-tablas-del-torneo-clausura-aldosivi-y-talleres-pusieron-al-rojo-vivo-la-lucha-por-el-descenso-en-un-sabado-feliz-para-boca-y-river","status":"publish","type":"post","link":"https:\/\/masquenoticiastucuman.com.ar\/?p=48879","title":{"rendered":"As\u00ed quedaron las tablas del Torneo Clausura: Aldosivi y Talleres pusieron al rojo vivo la lucha por el descenso en un s\u00e1bado feliz para Boca y River"},"content":{"rendered":"<ul>\n<li>El Tibur\u00f3n le gan\u00f3 a Independiente Rivadavia en Mar del Plata.<\/li>\n<li>La T de T\u00e9vez se hizo fuerte en Liniers y se llev\u00f3 tres puntos de oro.<\/li>\n<li>Argentinos cay\u00f3 con Barracas Central y no sum\u00f3 en la anual.<\/li>\n<\/ul>\n<p>\u200bEl Tibur\u00f3n le gan\u00f3 a Independiente Rivadavia en Mar del Plata.La T de T\u00e9vez se hizo fuerte en Liniers y se llev\u00f3 tres puntos de oro.Argentinos cay\u00f3 con Barracas Central y no sum\u00f3 en la anual.\u00a0<a href=\"https:\/\/www.clarin.com\/deportes\/quedaron-tablas-torneo-clausura-aldosivi-talleres-pusieron-rojo-vivo-lucha-descenso-sabado-feliz-boca-river_0_uFTcN5SCRC.html\" target=\"_blank\" class=\"feedzy-rss-link-icon\">Read More<\/a><\/p>","protected":false},"excerpt":{"rendered":"<p>El Tibur\u00f3n le gan\u00f3 a Independiente Rivadavia en Mar del Plata. La T de T\u00e9vez&#8230;<\/p>\n","protected":false},"author":1,"featured_media":48880,"comment_status":"open","ping_status":"open","sticky":false,"template":"","format":"standard","meta":{"footnotes":""},"categories":[1],"tags":[],"class_list":["post-48879","post","type-post","status-publish","format-standard","has-post-thumbnail","hentry","category-uncategorized"],"_links":{"self":[{"href":"https:\/\/masquenoticiastucuman.com.ar\/index.php?rest_route=\/wp\/v2\/posts\/48879","targetHints":{"allow":["GET"]}}],"collection":[{"href":"https:\/\/masquenoticiastucuman.com.ar\/index.php?rest_route=\/wp\/v2\/posts"}],"about":[{"href":"https:\/\/masquenoticiastucuman.com.ar\/index.php?rest_route=\/wp\/v2\/types\/post"}],"author":[{"embeddable":true,"href":"https:\/\/masquenoticiastucuman.com.ar\/index.php?rest_route=\/wp\/v2\/users\/1"}],"replies":[{"embeddable":true,"href":"https:\/\/masquenoticiastucuman.com.ar\/index.php?rest_route=%2Fwp%2Fv2%2Fcomments&post=48879"}],"version-history":[{"count":0,"href":"https:\/\/masquenoticiastucuman.com.ar\/index.php?rest_route=\/wp\/v2\/posts\/48879\/revisions"}],"wp:featuredmedia":[{"embeddable":true,"href":"https:\/\/masquenoticiastucuman.com.ar\/index.php?rest_route=\/wp\/v2\/media\/48880"}],"wp:attachment":[{"href":"https:\/\/masquenoticiastucuman.com.ar\/index.php?rest_route=%2Fwp%2Fv2%2Fmedia&parent=48879"}],"wp:term":[{"taxonomy":"category","embeddable":true,"href":"https:\/\/masquenoticiastucuman.com.ar\/index.php?rest_route=%2Fwp%2Fv2%2Fcategories&post=48879"},{"taxonomy":"post_tag","embeddable":true,"href":"https:\/\/masquenoticiastucuman.com.ar\/index.php?rest_route=%2Fwp%2Fv2%2Ftags&post=48879"}],"curies":[{"name":"wp","href":"https:\/\/api.w.org\/{rel}","templated":true}]}}