{"id":48902,"date":"2025-11-02T21:31:04","date_gmt":"2025-11-03T00:31:04","guid":{"rendered":"http:\/\/masquenoticiastucuman.com.ar\/?p=48902"},"modified":"2025-11-02T21:31:04","modified_gmt":"2025-11-03T00:31:04","slug":"muslera-sin-filtro-contra-el-arbitraje-tras-la-victoria-de-boca-frente-a-estudiantes-es-muy-obvio-lo-que-pasa-en-el-futbol-argentino","status":"publish","type":"post","link":"https:\/\/masquenoticiastucuman.com.ar\/?p=48902","title":{"rendered":"Muslera, sin filtro contra el arbitraje, tras la victoria de Boca frente a Estudiantes: &#8220;Es muy obvio lo que pasa en el f\u00fatbol argentino&#8221;"},"content":{"rendered":"<ul>\n<li>El arquero del Pincha explot\u00f3 contra el arbitraje de Rey Hilfer y asegur\u00f3 que &#8220;est\u00e1n perjudicando directamente a Estudiantes&#8221;.<\/li>\n<li>Adem\u00e1s, el uruguayo denunci\u00f3 que no se mostraron los audios del VAR del partido contra Barracas.<\/li>\n<\/ul>\n<p>\u200bEl arquero del Pincha explot\u00f3 contra el arbitraje de Rey Hilfer y asegur\u00f3 que &#8220;est\u00e1n perjudicando directamente a Estudiantes&#8221;.Adem\u00e1s, el uruguayo denunci\u00f3 que no se mostraron los audios del VAR del partido contra Barracas.\u00a0<a href=\"https:\/\/www.clarin.com\/deportes\/muslera-filtro-arbitraje-victoria-boca-frente-estudiantes-obvio-pasa-futbol-argentino_0_9DTLDq7oC7.html\" target=\"_blank\" class=\"feedzy-rss-link-icon\">Read More<\/a><\/p>","protected":false},"excerpt":{"rendered":"<p>El arquero del Pincha explot\u00f3 contra el arbitraje de Rey Hilfer y asegur\u00f3 que &#8220;est\u00e1n&#8230;<\/p>\n","protected":false},"author":1,"featured_media":48903,"comment_status":"open","ping_status":"open","sticky":false,"template":"","format":"standard","meta":{"footnotes":""},"categories":[1],"tags":[],"class_list":["post-48902","post","type-post","status-publish","format-standard","has-post-thumbnail","hentry","category-uncategorized"],"_links":{"self":[{"href":"https:\/\/masquenoticiastucuman.com.ar\/index.php?rest_route=\/wp\/v2\/posts\/48902","targetHints":{"allow":["GET"]}}],"collection":[{"href":"https:\/\/masquenoticiastucuman.com.ar\/index.php?rest_route=\/wp\/v2\/posts"}],"about":[{"href":"https:\/\/masquenoticiastucuman.com.ar\/index.php?rest_route=\/wp\/v2\/types\/post"}],"author":[{"embeddable":true,"href":"https:\/\/masquenoticiastucuman.com.ar\/index.php?rest_route=\/wp\/v2\/users\/1"}],"replies":[{"embeddable":true,"href":"https:\/\/masquenoticiastucuman.com.ar\/index.php?rest_route=%2Fwp%2Fv2%2Fcomments&post=48902"}],"version-history":[{"count":0,"href":"https:\/\/masquenoticiastucuman.com.ar\/index.php?rest_route=\/wp\/v2\/posts\/48902\/revisions"}],"wp:featuredmedia":[{"embeddable":true,"href":"https:\/\/masquenoticiastucuman.com.ar\/index.php?rest_route=\/wp\/v2\/media\/48903"}],"wp:attachment":[{"href":"https:\/\/masquenoticiastucuman.com.ar\/index.php?rest_route=%2Fwp%2Fv2%2Fmedia&parent=48902"}],"wp:term":[{"taxonomy":"category","embeddable":true,"href":"https:\/\/masquenoticiastucuman.com.ar\/index.php?rest_route=%2Fwp%2Fv2%2Fcategories&post=48902"},{"taxonomy":"post_tag","embeddable":true,"href":"https:\/\/masquenoticiastucuman.com.ar\/index.php?rest_route=%2Fwp%2Fv2%2Ftags&post=48902"}],"curies":[{"name":"wp","href":"https:\/\/api.w.org\/{rel}","templated":true}]}}