{"id":48909,"date":"2025-11-03T07:14:38","date_gmt":"2025-11-03T10:14:38","guid":{"rendered":"https:\/\/masquenoticiastucuman.com.ar\/?p=48909"},"modified":"2025-11-03T07:14:39","modified_gmt":"2025-11-03T10:14:39","slug":"el-gobierno-aplico-una-actualizacion-parcial-de-los-impuestos-a-los-combustibles","status":"publish","type":"post","link":"https:\/\/masquenoticiastucuman.com.ar\/?p=48909","title":{"rendered":"El Gobierno aplic\u00f3 una actualizaci\u00f3n parcial de los impuestos a los combustibles"},"content":{"rendered":"\n<p>El Gobierno nacional oficializ\u00f3 una nueva actualizaci\u00f3n en el esquema impositivo que grava los combustibles<\/p>\n\n\n\n<p>Mediante el&nbsp;<strong>Decreto 782\/2025<\/strong>&nbsp;(ver al pie de la nota), publicado en el Bolet\u00edn Oficial,&nbsp;<strong>el Poder Ejecutivo actualiz\u00f3 parcialmente los montos del Impuesto sobre los Combustibles L\u00edquidos y del Impuesto al Di\u00f3xido de Carbono<\/strong>, que deb\u00edan ajustarse por el mecanismo autom\u00e1tico establecido en la Ley 23.966.<\/p>\n\n\n\n<p>De acuerdo con la normativa vigente, estos tributos se actualizan trimestralmente seg\u00fan la variaci\u00f3n del \u00cdndice de Precios al Consumidor informado por el INDEC. Sin embargo, desde 2018, los sucesivos gobiernos han modificado o diferido la aplicaci\u00f3n plena de esos incrementos, con el prop\u00f3sito de moderar su impacto en los precios finales de la nafta y el gasoil.<\/p>\n\n\n\n<p>El nuevo decreto, firmado por el presidente&nbsp;<strong>Javier Milei<\/strong>, el ministro del Interior,&nbsp;<strong>Guillermo Francos<\/strong>, y el ministro de Econom\u00eda,&nbsp;<strong>Luis Caputo<\/strong>, modifica al Decreto 617\/2025 y su complementario 699\/2025, estableciendo un ajuste parcial de los impuestos que regir\u00e1 entre el 1\u00b0 y el 30 de noviembre de 2025.<\/p>\n\n\n\n<p><strong>Durante ese per\u00edodo, los incrementos ser\u00e1n los siguientes:<\/strong><\/p>\n\n\n\n<p><strong>Naftas sin plomo y nafta virgen:<\/strong>&nbsp;$15,557 en concepto de Impuesto a los Combustibles L\u00edquidos y $0,953 por Impuesto al Di\u00f3xido de Carbono.<\/p>\n\n\n\n<p><strong>Gasoil:<\/strong>&nbsp;$12,639 por ICL, $6,844 por tratamiento diferencial y $1,441 por IDC.<\/p>\n\n\n\n<p><strong>El incremento total pendiente, que incluye el remanente correspondiente al a\u00f1o calendario 2024 y a los dos primeros trimestres de 2025, entrar\u00e1 en vigencia el 1\u00b0 de diciembre.<\/strong><\/p>\n\n\n\n<p>En los considerandos, el Gobierno justifica la medida al se\u00f1alar que&nbsp;<strong>la actualizaci\u00f3n parcial busca mantener el equilibrio entre la recaudaci\u00f3n fiscal y la estabilidad de precios<\/strong>. \u201c<em>Con el prop\u00f3sito de continuar estimulando el crecimiento de la econom\u00eda a trav\u00e9s de un sendero fiscal sostenible, resulta necesario diferir parcialmente los incrementos remanentes<\/em>\u201d, sostiene el texto.<\/p>\n\n\n\n<p>De esta forma, el Ejecutivo ratifica la estrategia de gradualidad en la aplicaci\u00f3n de las actualizaciones,&nbsp;<strong>procurando evitar un salto abrupto en los precios de los combustibles<\/strong>&nbsp;que podr\u00eda presionar sobre el \u00edndice general de inflaci\u00f3n.<\/p>\n\n\n\n<p><a href=\"https:\/\/www.facebook.com\/sharer\/sharer.php?u=https%3A%2F%2Felinformadordigital.ar%2F2025%2F11%2F03%2Fel-gobierno-aplico-una-actualizacion-parcial-de-los-impuestos-a-los-combustibles%2F\" rel=\"noreferrer noopener\" target=\"_blank\"><\/a><a href=\"https:\/\/twitter.com\/intent\/tweet?text=El%20Gobierno%20aplic%C3%B3%20una%20actualizaci%C3%B3n%20parcial%20de%20los%20impuestos%20a%20los%20combustibles&amp;url=https%3A%2F%2Felinformadordigital.ar%2F2025%2F11%2F03%2Fel-gobierno-aplico-una-actualizacion-parcial-de-los-impuestos-a-los-combustibles%2F\" rel=\"noreferrer noopener\" target=\"_blank\"><\/a><a href=\"https:\/\/reddit.com\/submit?url=https%3A%2F%2Felinformadordigital.ar%2F2025%2F11%2F03%2Fel-gobierno-aplico-una-actualizacion-parcial-de-los-impuestos-a-los-combustibles%2F&amp;title=El%20Gobierno%20aplic%C3%B3%20una%20actualizaci%C3%B3n%20parcial%20de%20los%20impuestos%20a%20los%20combustibles\" rel=\"noreferrer noopener\" target=\"_blank\"><\/a><a href=\"https:\/\/www.linkedin.com\/sharing\/share-offsite\/?url=https%3A%2F%2Felinformadordigital.ar%2F2025%2F11%2F03%2Fel-gobierno-aplico-una-actualizacion-parcial-de-los-impuestos-a-los-combustibles%2F\" rel=\"noreferrer noopener\" target=\"_blank\"><\/a><a href=\"https:\/\/elinformadordigital.ar\/2025\/11\/03\/el-gobierno-aplico-una-actualizacion-parcial-de-los-impuestos-a-los-combustibles\/\"><\/a><a href=\"https:\/\/mastodon.social\/share?text=https%3A%2F%2Felinformadordigital.ar%2F2025%2F11%2F03%2Fel-gobierno-aplico-una-actualizacion-parcial-de-los-impuestos-a-los-combustibles%2F&amp;title=El%20Gobierno%20aplic%C3%B3%20una%20actualizaci%C3%B3n%20parcial%20de%20los%20impuestos%20a%20los%20combustibles\" rel=\"noreferrer noopener\" target=\"_blank\"><\/a><a href=\"https:\/\/mix.com\/mixit?url=https%3A%2F%2Felinformadordigital.ar%2F2025%2F11%2F03%2Fel-gobierno-aplico-una-actualizacion-parcial-de-los-impuestos-a-los-combustibles%2F\" rel=\"noreferrer noopener\" target=\"_blank\"><\/a><a href=\"https:\/\/api.whatsapp.com\/send?text=El%20Gobierno%20aplic%C3%B3%20una%20actualizaci%C3%B3n%20parcial%20de%20los%20impuestos%20a%20los%20combustibles%20https%3A%2F%2Felinformadordigital.ar%2F2025%2F11%2F03%2Fel-gobierno-aplico-una-actualizacion-parcial-de-los-impuestos-a-los-combustibles%2F\" rel=\"noreferrer noopener\" target=\"_blank\"><\/a><a href=\"https:\/\/elinformadordigital.ar\/2025\/11\/03\/el-gobierno-aplico-una-actualizacion-parcial-de-los-impuestos-a-los-combustibles\/\"><\/a><\/p>\n\n\n\n<p><\/p>\n\n\n\n<p><\/p>\n\n\n\n<p><\/p>\n","protected":false},"excerpt":{"rendered":"<p>El Gobierno nacional oficializ\u00f3 una nueva actualizaci\u00f3n en el esquema impositivo que grava los combustibles&#8230;<\/p>\n","protected":false},"author":2,"featured_media":48910,"comment_status":"open","ping_status":"open","sticky":false,"template":"","format":"standard","meta":{"footnotes":""},"categories":[2],"tags":[],"class_list":["post-48909","post","type-post","status-publish","format-standard","has-post-thumbnail","hentry","category-locales"],"_links":{"self":[{"href":"https:\/\/masquenoticiastucuman.com.ar\/index.php?rest_route=\/wp\/v2\/posts\/48909","targetHints":{"allow":["GET"]}}],"collection":[{"href":"https:\/\/masquenoticiastucuman.com.ar\/index.php?rest_route=\/wp\/v2\/posts"}],"about":[{"href":"https:\/\/masquenoticiastucuman.com.ar\/index.php?rest_route=\/wp\/v2\/types\/post"}],"author":[{"embeddable":true,"href":"https:\/\/masquenoticiastucuman.com.ar\/index.php?rest_route=\/wp\/v2\/users\/2"}],"replies":[{"embeddable":true,"href":"https:\/\/masquenoticiastucuman.com.ar\/index.php?rest_route=%2Fwp%2Fv2%2Fcomments&post=48909"}],"version-history":[{"count":1,"href":"https:\/\/masquenoticiastucuman.com.ar\/index.php?rest_route=\/wp\/v2\/posts\/48909\/revisions"}],"predecessor-version":[{"id":48911,"href":"https:\/\/masquenoticiastucuman.com.ar\/index.php?rest_route=\/wp\/v2\/posts\/48909\/revisions\/48911"}],"wp:featuredmedia":[{"embeddable":true,"href":"https:\/\/masquenoticiastucuman.com.ar\/index.php?rest_route=\/wp\/v2\/media\/48910"}],"wp:attachment":[{"href":"https:\/\/masquenoticiastucuman.com.ar\/index.php?rest_route=%2Fwp%2Fv2%2Fmedia&parent=48909"}],"wp:term":[{"taxonomy":"category","embeddable":true,"href":"https:\/\/masquenoticiastucuman.com.ar\/index.php?rest_route=%2Fwp%2Fv2%2Fcategories&post=48909"},{"taxonomy":"post_tag","embeddable":true,"href":"https:\/\/masquenoticiastucuman.com.ar\/index.php?rest_route=%2Fwp%2Fv2%2Ftags&post=48909"}],"curies":[{"name":"wp","href":"https:\/\/api.w.org\/{rel}","templated":true}]}}