{"id":48914,"date":"2025-11-03T08:32:38","date_gmt":"2025-11-03T11:32:38","guid":{"rendered":"https:\/\/masquenoticiastucuman.com.ar\/?p=48914"},"modified":"2025-11-03T08:32:39","modified_gmt":"2025-11-03T11:32:39","slug":"monteros-sera-capital-nacional-de-la-poesia-y-el-canto","status":"publish","type":"post","link":"https:\/\/masquenoticiastucuman.com.ar\/?p=48914","title":{"rendered":"Monteros ser\u00e1 capital nacional de la poes\u00eda y el canto"},"content":{"rendered":"\n<p>Del 5 al 8 de noviembre, el municipio sure\u00f1o ser\u00e1 el epicentro de la actividad cultural de Tucum\u00e1n. Un evento cl\u00e1sico que identifica a toda una ciudad.<\/p>\n\n\n\n<p>La ciudad de Monteros se prepara para recibir la XXXIII edici\u00f3n del Encuentro Nacional de Poetas, Escritores y Cantautores \u00abManuel Aldonate\u00bb. Organizado por el municipio y la Pe\u00f1a Cultural \u00abEl Tejar\u00bb, el evento, que se ha consolidado como un espacio de encuentro y difusi\u00f3n de la poes\u00eda y el canto en Argentina, se desarrollar\u00e1 entre el 5 y el 8 de noviembre y contar\u00e1 con la participaci\u00f3n de un centenar de artistas de diversas provincias.<\/p>\n\n\n\n<figure class=\"wp-block-image size-large\"><img loading=\"lazy\" decoding=\"async\" width=\"1024\" height=\"576\" src=\"https:\/\/masquenoticiastucuman.com.ar\/wp-content\/uploads\/2025\/11\/251103082352_38320-1024x576.jpeg\" alt=\"\" class=\"wp-image-48915\" srcset=\"https:\/\/masquenoticiastucuman.com.ar\/wp-content\/uploads\/2025\/11\/251103082352_38320-1024x576.jpeg 1024w, https:\/\/masquenoticiastucuman.com.ar\/wp-content\/uploads\/2025\/11\/251103082352_38320-300x169.jpeg 300w, https:\/\/masquenoticiastucuman.com.ar\/wp-content\/uploads\/2025\/11\/251103082352_38320-768x432.jpeg 768w, https:\/\/masquenoticiastucuman.com.ar\/wp-content\/uploads\/2025\/11\/251103082352_38320.jpeg 1280w\" sizes=\"auto, (max-width: 1024px) 100vw, 1024px\" \/><\/figure>\n\n\n\n<p>El lanzamiento oficial se realiz\u00f3 en el Ente Tucum\u00e1n Turismo (ETT), con la presencia del presidente del organismo, Domingo Amaya; el legislador provincial Francisco Serra; el presidente del Ente Cultural, Humberto Salazar y la representante de la pe\u00f1a El Tejar, Graciela Aldonate, hija del eximio escritor y poeta tucumano.&nbsp;<\/p>\n\n\n\n<blockquote class=\"wp-block-quote is-layout-flow wp-block-quote-is-layout-flow\">\n<p>\u201cMonteros es una ciudad que siempre nos posiciona a nivel nacional e internacional porque es deporte, cultura, fiesta, tradici\u00f3n\u201d, expres\u00f3 Amaya, quien le hizo entrega al evento de la declaratoria de inter\u00e9s tur\u00edstico. \u201cQue este evento mantenga su frecuencia y hoy celebre m\u00e1s de treintaitr\u00e9s ediciones es muestra de una pol\u00edtica de Estado que pone a los tucumanos en el centro de la escena, es la esencia de la gesti\u00f3n del gobernador Osvaldo Jaldo\u201d.&nbsp;<\/p>\n<\/blockquote>\n\n\n\n<p>Serra, por su parte, subray\u00f3 la importancia de seguir jerarquizando a la ciudad con encuentros de jerarqu\u00eda: \u201cla defensa de nuestros s\u00edmbolos culturales forma parte del patrimonio de los monterizos\u201d. El legislador apunt\u00f3 adem\u00e1s que el Encuentro representa \u201cun orgullo que nos compromete a seguir una huella, ese es el verdadero desaf\u00edo\u201d.&nbsp;<\/p>\n\n\n\n<p>\u201cMonteros forma parte del ADN tucumano, es uno de los pilares de ese sentir tan nuestro y que se expresa en arte, tradiciones, artesan\u00edas; mantener este encuentro durante tantos a\u00f1os habla a las claras tambi\u00e9n de una decisi\u00f3n pol\u00edtica del municipio de tener a la cultura dentro de lo prioritario de su agenda\u201d, complet\u00f3 Salazar.&nbsp;<\/p>\n\n\n\n<p><strong>Lanzamiento emotivo<\/strong><\/p>\n\n\n\n<p>Bajo el lema \u00abPalabra, Identidad y Compromiso\u00bb, la programaci\u00f3n de cuatro d\u00edas ofrecer\u00e1 una variada agenda de actividades dise\u00f1adas para el intercambio cultural, que incluyen presentaciones de libros, rondas de poemas, mesas panel con debates, y vibrantes pe\u00f1as po\u00e9tico-musicales. Adem\u00e1s, los asistentes realizar\u00e1n reuniones plenarias para discutir y dar forma al Manifiesto de Poetas 2025.<\/p>\n\n\n\n<p>\u201cPara m\u00ed es una emoci\u00f3n imposible de disimular el poder escuchar la voz de mi padre, sus letras\u201d, agradeci\u00f3 Aldonate en el marco de la conferencia. La representante de la Pe\u00f1a Cultural El Tejar puntualiz\u00f3 en el significado del lema al se\u00f1alar que los resultados de los textos trabajados en el marco del evento vislumbrar\u00e1n \u201cqu\u00e9 papel tienen hoy los derechos humanos, la identidad, la palabra, especialmente en estos momentos tan dif\u00edciles por los que atravesamos\u201d. &nbsp;<\/p>\n\n\n\n<p>El Encuentro Nacional de Poetas \u00abManuel Aldonate\u00bb trasciende lo literario para convertirse en un motor de la cultura y la identidad provincial. El apoyo institucional del Ente Tucum\u00e1n Turismo subraya el valor estrat\u00e9gico del evento, que atrae visitantes a Monteros y refuerza el perfil de Tucum\u00e1n como un destino que celebra y resguarda a palabra y la creatividad. Esta celebraci\u00f3n, que dura ya m\u00e1s de tres d\u00e9cadas, es un homenaje a las \u00abhistorias que nos cuentan o leemos\u00bb, promoviendo el arte y el di\u00e1logo interprovincial.<\/p>\n","protected":false},"excerpt":{"rendered":"<p>Del 5 al 8 de noviembre, el municipio sure\u00f1o ser\u00e1 el epicentro de la actividad&#8230;<\/p>\n","protected":false},"author":2,"featured_media":48916,"comment_status":"open","ping_status":"open","sticky":false,"template":"","format":"standard","meta":{"footnotes":""},"categories":[2],"tags":[],"class_list":["post-48914","post","type-post","status-publish","format-standard","has-post-thumbnail","hentry","category-locales"],"_links":{"self":[{"href":"https:\/\/masquenoticiastucuman.com.ar\/index.php?rest_route=\/wp\/v2\/posts\/48914","targetHints":{"allow":["GET"]}}],"collection":[{"href":"https:\/\/masquenoticiastucuman.com.ar\/index.php?rest_route=\/wp\/v2\/posts"}],"about":[{"href":"https:\/\/masquenoticiastucuman.com.ar\/index.php?rest_route=\/wp\/v2\/types\/post"}],"author":[{"embeddable":true,"href":"https:\/\/masquenoticiastucuman.com.ar\/index.php?rest_route=\/wp\/v2\/users\/2"}],"replies":[{"embeddable":true,"href":"https:\/\/masquenoticiastucuman.com.ar\/index.php?rest_route=%2Fwp%2Fv2%2Fcomments&post=48914"}],"version-history":[{"count":1,"href":"https:\/\/masquenoticiastucuman.com.ar\/index.php?rest_route=\/wp\/v2\/posts\/48914\/revisions"}],"predecessor-version":[{"id":48917,"href":"https:\/\/masquenoticiastucuman.com.ar\/index.php?rest_route=\/wp\/v2\/posts\/48914\/revisions\/48917"}],"wp:featuredmedia":[{"embeddable":true,"href":"https:\/\/masquenoticiastucuman.com.ar\/index.php?rest_route=\/wp\/v2\/media\/48916"}],"wp:attachment":[{"href":"https:\/\/masquenoticiastucuman.com.ar\/index.php?rest_route=%2Fwp%2Fv2%2Fmedia&parent=48914"}],"wp:term":[{"taxonomy":"category","embeddable":true,"href":"https:\/\/masquenoticiastucuman.com.ar\/index.php?rest_route=%2Fwp%2Fv2%2Fcategories&post=48914"},{"taxonomy":"post_tag","embeddable":true,"href":"https:\/\/masquenoticiastucuman.com.ar\/index.php?rest_route=%2Fwp%2Fv2%2Ftags&post=48914"}],"curies":[{"name":"wp","href":"https:\/\/api.w.org\/{rel}","templated":true}]}}