{"id":48918,"date":"2025-11-03T09:41:05","date_gmt":"2025-11-03T12:41:05","guid":{"rendered":"https:\/\/masquenoticiastucuman.com.ar\/?p=48918"},"modified":"2025-11-03T09:41:06","modified_gmt":"2025-11-03T12:41:06","slug":"jaldo-y-la-plana-mayor-evaluaron-los-avances-del-plan-integral","status":"publish","type":"post","link":"https:\/\/masquenoticiastucuman.com.ar\/?p=48918","title":{"rendered":"Jaldo y la Plana Mayor evaluaron los avances del plan integral"},"content":{"rendered":"\n<p>En la reuni\u00f3n de trabajo se destac\u00f3 el fortalecimiento de los operativos preventivos, la intensificaci\u00f3n de la presencia policial en las calles y el avance en la ampliaci\u00f3n del penal de Benjam\u00edn Paz.<\/p>\n\n\n\n<p id=\"isPasted\">El gobernador&nbsp;<strong>Osvaldo Jaldo<\/strong>&nbsp;se reuni\u00f3 este lunes por la ma\u00f1ana en Casa de Gobierno con la plana mayor de la Polic\u00eda de Tucum\u00e1n para evaluar el trabajo de la fuerza de seguridad en el marco del plan integral de seguridad impulsado por el propio mandatario, y realiz\u00f3 un balance de los avances en materia de prevenci\u00f3n y operatividad policial en la provincia.<strong><\/strong><\/p>\n\n\n\n<p>En el encuentro participaron&nbsp;<strong><\/strong>el jefe de Polic\u00eda,&nbsp;<strong>Joaqu\u00edn Girvau Olleta<\/strong>; el subjefe,&nbsp;<strong>Roque Rodolfo Y\u00f1igo<\/strong>; el secretario de seguridad,&nbsp;<strong>Hector Vizcarra&nbsp;<\/strong>y el director del Servicio Penitenciario,&nbsp;<strong>Antonio Quinteros<\/strong>.<\/p>\n\n\n\n<figure class=\"wp-block-image size-large\"><img loading=\"lazy\" decoding=\"async\" width=\"1024\" height=\"682\" src=\"https:\/\/masquenoticiastucuman.com.ar\/wp-content\/uploads\/2025\/11\/251103092502_71324-1024x682.jpeg\" alt=\"\" class=\"wp-image-48931\" srcset=\"https:\/\/masquenoticiastucuman.com.ar\/wp-content\/uploads\/2025\/11\/251103092502_71324-1024x682.jpeg 1024w, https:\/\/masquenoticiastucuman.com.ar\/wp-content\/uploads\/2025\/11\/251103092502_71324-300x200.jpeg 300w, https:\/\/masquenoticiastucuman.com.ar\/wp-content\/uploads\/2025\/11\/251103092502_71324-768x512.jpeg 768w, https:\/\/masquenoticiastucuman.com.ar\/wp-content\/uploads\/2025\/11\/251103092502_71324.jpeg 1280w\" sizes=\"auto, (max-width: 1024px) 100vw, 1024px\" \/><\/figure>\n\n\n\n<p id=\"isPasted\">El jefe de Polic\u00eda, Joaqu\u00edn Girvau Olleta, dijo que \u00abel Gobernador nos ha convocado hoy para ir avanzando sobre este plan integral de seguridad, para tener amplio conocimiento de la estad\u00edstica, c\u00f3mo venimos con la baja en los n\u00fameros, pero s\u00ed profundizar todo el sistema operativo de la Polic\u00eda de Tucum\u00e1n desde hoy hasta que finalice este a\u00f1o\u201d.<\/p>\n\n\n\n<p>Seg\u00fan explic\u00f3, el objetivo principal es intensificar la presencia policial en las calles: \u201cSe trata de salir m\u00e1s a la calle, de hacer sentir la presencia policial en todos los barrios, en todas las ciudades, para que el ciudadano viva tranquilo, y eso es lo que estamos buscando\u201d.<\/p>\n\n\n\n<p><strong>Balance del fin de semana y operativos en marcha<\/strong><\/p>\n\n\n\n<p>El &nbsp;jefe de Polic\u00eda, sostuvo que \u201cpr\u00e1cticamente, tenemos muchos hechos esclarecidos, muchos procedimientos. Hemos tenido una situaci\u00f3n con el joven que muri\u00f3 a ra\u00edz de la agresi\u00f3n de su pareja; tambi\u00e9n tenemos esclarecido el hecho en Aguilares. Adem\u00e1s, hubo muchos secuestros de drogas y de elementos en el ingreso a la provincia\u201d, detall\u00f3.<\/p>\n\n\n\n<p>Girvau Olleta se\u00f1al\u00f3 que el trabajo operativo se reforzar\u00e1 durante noviembre y diciembre, con una fuerte presencia en toda la provincia. \u201cVamos a hacer sentir al personal policial en todo Tucum\u00e1n. No vamos a permitir hechos de desorden ni disturbios; quien los provoque va a terminar detenido. Vamos a actuar de id\u00e9ntica manera que el a\u00f1o pasado\u201d, asegur\u00f3.<\/p>\n\n\n\n<p>Ampliaci\u00f3n del penal de Benjam\u00edn Paz<\/p>\n\n\n\n<p>Durante el encuentro, tambi\u00e9n se abord\u00f3 la situaci\u00f3n del sistema penitenciario. Girvau Olleta inform\u00f3 que, por instrucci\u00f3n del gobernador Jaldo, se trabaja de manera urgente en la ampliaci\u00f3n del penal de Benjam\u00edn Paz.<\/p>\n\n\n\n<p>\u201cEstamos llevando detenidos todos los d\u00edas. El Gobierno, el ministro de Seguridad y el Servicio Penitenciario ya van a comenzar a trabajar en la ampliaci\u00f3n de una nueva unidad en Benjam\u00edn Paz\u201d, precis\u00f3.<\/p>\n","protected":false},"excerpt":{"rendered":"<p>En la reuni\u00f3n de trabajo se destac\u00f3 el fortalecimiento de los operativos preventivos, la intensificaci\u00f3n&#8230;<\/p>\n","protected":false},"author":2,"featured_media":48932,"comment_status":"open","ping_status":"open","sticky":false,"template":"","format":"standard","meta":{"footnotes":""},"categories":[2],"tags":[],"class_list":["post-48918","post","type-post","status-publish","format-standard","has-post-thumbnail","hentry","category-locales"],"_links":{"self":[{"href":"https:\/\/masquenoticiastucuman.com.ar\/index.php?rest_route=\/wp\/v2\/posts\/48918","targetHints":{"allow":["GET"]}}],"collection":[{"href":"https:\/\/masquenoticiastucuman.com.ar\/index.php?rest_route=\/wp\/v2\/posts"}],"about":[{"href":"https:\/\/masquenoticiastucuman.com.ar\/index.php?rest_route=\/wp\/v2\/types\/post"}],"author":[{"embeddable":true,"href":"https:\/\/masquenoticiastucuman.com.ar\/index.php?rest_route=\/wp\/v2\/users\/2"}],"replies":[{"embeddable":true,"href":"https:\/\/masquenoticiastucuman.com.ar\/index.php?rest_route=%2Fwp%2Fv2%2Fcomments&post=48918"}],"version-history":[{"count":1,"href":"https:\/\/masquenoticiastucuman.com.ar\/index.php?rest_route=\/wp\/v2\/posts\/48918\/revisions"}],"predecessor-version":[{"id":48933,"href":"https:\/\/masquenoticiastucuman.com.ar\/index.php?rest_route=\/wp\/v2\/posts\/48918\/revisions\/48933"}],"wp:featuredmedia":[{"embeddable":true,"href":"https:\/\/masquenoticiastucuman.com.ar\/index.php?rest_route=\/wp\/v2\/media\/48932"}],"wp:attachment":[{"href":"https:\/\/masquenoticiastucuman.com.ar\/index.php?rest_route=%2Fwp%2Fv2%2Fmedia&parent=48918"}],"wp:term":[{"taxonomy":"category","embeddable":true,"href":"https:\/\/masquenoticiastucuman.com.ar\/index.php?rest_route=%2Fwp%2Fv2%2Fcategories&post=48918"},{"taxonomy":"post_tag","embeddable":true,"href":"https:\/\/masquenoticiastucuman.com.ar\/index.php?rest_route=%2Fwp%2Fv2%2Ftags&post=48918"}],"curies":[{"name":"wp","href":"https:\/\/api.w.org\/{rel}","templated":true}]}}