{"id":48927,"date":"2025-11-03T09:31:11","date_gmt":"2025-11-03T12:31:11","guid":{"rendered":"http:\/\/masquenoticiastucuman.com.ar\/?p=48927"},"modified":"2025-11-03T09:31:11","modified_gmt":"2025-11-03T12:31:11","slug":"argentina-vs-belgica-por-el-mundial-sub-17-de-qatar-2025-en-vivo-a-que-hora-juegan-formaciones-y-como-verlo","status":"publish","type":"post","link":"https:\/\/masquenoticiastucuman.com.ar\/?p=48927","title":{"rendered":"Argentina vs. B\u00e9lgica, por el Mundial Sub 17 de Qatar 2025, EN VIVO: a qu\u00e9 hora juegan, formaciones y c\u00f3mo verlo"},"content":{"rendered":"<ul>\n<li>El equipo dirigido por Diego Placente va por el primer paso en el m\u00e1ximo torneo juvenil.<\/li>\n<li>Segu\u00ed el minuto a minuto en Clar\u00edn.<\/li>\n<\/ul>\n<p>\u200bEl equipo dirigido por Diego Placente va por el primer paso en el m\u00e1ximo torneo juvenil.Segu\u00ed el minuto a minuto en Clar\u00edn.\u00a0<a href=\"https:\/\/www.clarin.com\/deportes\/argentina-vs-belgica-mundial-sub-17-qatar-2025-vivo-hora-juegan-formaciones-verlo_0_xMvzSHkH9x.html\" target=\"_blank\" class=\"feedzy-rss-link-icon\">Read More<\/a><\/p>","protected":false},"excerpt":{"rendered":"<p>El equipo dirigido por Diego Placente va por el primer paso en el m\u00e1ximo torneo&#8230;<\/p>\n","protected":false},"author":1,"featured_media":48928,"comment_status":"open","ping_status":"open","sticky":false,"template":"","format":"standard","meta":{"footnotes":""},"categories":[1],"tags":[],"class_list":["post-48927","post","type-post","status-publish","format-standard","has-post-thumbnail","hentry","category-uncategorized"],"_links":{"self":[{"href":"https:\/\/masquenoticiastucuman.com.ar\/index.php?rest_route=\/wp\/v2\/posts\/48927","targetHints":{"allow":["GET"]}}],"collection":[{"href":"https:\/\/masquenoticiastucuman.com.ar\/index.php?rest_route=\/wp\/v2\/posts"}],"about":[{"href":"https:\/\/masquenoticiastucuman.com.ar\/index.php?rest_route=\/wp\/v2\/types\/post"}],"author":[{"embeddable":true,"href":"https:\/\/masquenoticiastucuman.com.ar\/index.php?rest_route=\/wp\/v2\/users\/1"}],"replies":[{"embeddable":true,"href":"https:\/\/masquenoticiastucuman.com.ar\/index.php?rest_route=%2Fwp%2Fv2%2Fcomments&post=48927"}],"version-history":[{"count":0,"href":"https:\/\/masquenoticiastucuman.com.ar\/index.php?rest_route=\/wp\/v2\/posts\/48927\/revisions"}],"wp:featuredmedia":[{"embeddable":true,"href":"https:\/\/masquenoticiastucuman.com.ar\/index.php?rest_route=\/wp\/v2\/media\/48928"}],"wp:attachment":[{"href":"https:\/\/masquenoticiastucuman.com.ar\/index.php?rest_route=%2Fwp%2Fv2%2Fmedia&parent=48927"}],"wp:term":[{"taxonomy":"category","embeddable":true,"href":"https:\/\/masquenoticiastucuman.com.ar\/index.php?rest_route=%2Fwp%2Fv2%2Fcategories&post=48927"},{"taxonomy":"post_tag","embeddable":true,"href":"https:\/\/masquenoticiastucuman.com.ar\/index.php?rest_route=%2Fwp%2Fv2%2Ftags&post=48927"}],"curies":[{"name":"wp","href":"https:\/\/api.w.org\/{rel}","templated":true}]}}