{"id":48934,"date":"2025-11-03T12:36:09","date_gmt":"2025-11-03T15:36:09","guid":{"rendered":"https:\/\/masquenoticiastucuman.com.ar\/?p=48934"},"modified":"2025-11-03T12:36:09","modified_gmt":"2025-11-03T15:36:09","slug":"jaldo-con-el-sistema-de-transporte-publico-que-depende-de-la-provincia-hay-dialogo","status":"publish","type":"post","link":"https:\/\/masquenoticiastucuman.com.ar\/?p=48934","title":{"rendered":"Jaldo: &#8220;Con el sistema de transporte p\u00fablico que depende de la provincia hay di\u00e1logo&#8221;"},"content":{"rendered":"\n<p>El titular del PE asegur\u00f3 que &#8220;este gobierno provincial particip\u00f3, fue viabilizador y puente de entendimiento y di\u00e1logo entre las actividades privadas y su sector laboral\u201d.<\/p>\n\n\n\n<p id=\"isPasted\">El gobernador&nbsp;<strong>Osvaldo Jaldo&nbsp;<\/strong>se refiri\u00f3 a la situaci\u00f3n del transporte p\u00fablico de pasajeros en Tucum\u00e1n y&nbsp;<strong>dej\u00f3 en claro que con el sistema de transporte p\u00fablico que depende de la provincia y abarca el \u00e1rea metropolitana y el interior \u201cvenimos teniendo un di\u00e1logo permanente y un acompa\u00f1amiento sostenido,<\/strong>&nbsp;<strong>siempre defendiendo los intereses del usuario<\/strong>\u201d. Adem\u00e1s explic\u00f3 las acciones que el Gobierno Provincial desarroll\u00f3 para garantizar la continuidad del servicio.<\/p>\n\n\n\n<p>Record\u00f3 que al asumir la gesti\u00f3n, el sistema atravesaba \u201cuna muy mala situaci\u00f3n, casi al borde de dejar de prestar servicio\u201d, debido a una \u201ccuesti\u00f3n de ecuaci\u00f3n econ\u00f3mica\u201d, al deterioro del parque automotor \u2014con una antig\u00fcedad promedio de doce a\u00f1os\u2014 y a conflictos entre trabajadores y empresarios del sector.<\/p>\n\n\n\n<p>\u201cSi bien eran conflictos de tipo privado, este gobierno provincial particip\u00f3, fue viabilizador y puente de entendimiento y di\u00e1logo entre las actividades privadas y su sector laboral\u201d, sostuvo el mandatario. Indic\u00f3 que esa intervenci\u00f3n se enmarc\u00f3 en una pol\u00edtica general de promoci\u00f3n de la paz social y la continuidad de los servicios, similar a la aplicada en otros sectores productivos como el azucarero y el citr\u00edcola.<\/p>\n\n\n\n<h3 class=\"wp-block-heading\">Inversiones<\/h3>\n\n\n\n<p>Jaldo precis\u00f3 que el Gobierno realiz\u00f3 \u201cinversiones importantes en el transporte p\u00fablico de pasajeros\u201d y aclar\u00f3 que dichas acciones se orientaron \u201cpensando en el usuario, no en los empresarios\u201d. En ese contexto, destac\u00f3 la incorporaci\u00f3n de tecnolog\u00eda en las unidades y la implementaci\u00f3n de la Tarjeta Independencia, cuya puesta en marcha requiri\u00f3 un per\u00edodo de adaptaci\u00f3n. \u201cHoy est\u00e1n funcionando bien\u201d, afirm\u00f3.<\/p>\n\n\n\n<p>El gobernador se\u00f1al\u00f3 que el sistema de transporte que depende de la provincia abarca el \u00e1rea metropolitana y el interior. \u201cVenimos teniendo un di\u00e1logo permanente y un acompa\u00f1amiento sostenido, siempre defendiendo los intereses del usuario\u201d, manifest\u00f3.<\/p>\n\n\n\n<p>Agreg\u00f3 que la Provincia asumi\u00f3 el pago de compensaciones que la Naci\u00f3n dej\u00f3 de otorgar, lo que permiti\u00f3 contener el valor del boleto. \u201cSi no hubiera subsidio, no hay duda de que el boleto se incrementar\u00eda de manera sustancial\u201d, expres\u00f3.<\/p>\n\n\n\n<p>Jaldo remarc\u00f3 adem\u00e1s que el Ejecutivo provincial mantiene controles sobre las empresas prestatarias. \u201cEstamos haciendo cumplir la ley y las normas vigentes en lo que tiene que ver con el transporte p\u00fablico de pasajeros. Cuando no se cumplen las frecuencias, se aplican multas y actas de infracci\u00f3n\u201d, explic\u00f3.<\/p>\n\n\n\n<p>Finalmente, el gobernador observ\u00f3 que todas las provincias del pa\u00eds enfrentan dificultades por la eliminaci\u00f3n de las compensaciones nacionales, y que las que decidieron sostenerlas lo hicieron seg\u00fan sus posibilidades. \u201cMientras no se solucionen los problemas microecon\u00f3micos y se reactive el pa\u00eds, los colectivos seguir\u00e1n vendiendo menos boletos que antes\u201d, dijo. Y agreg\u00f3: \u201cHay distintos factores: la calidad del servicio, la competencia ilegal y desleal que le quita pasajeros, y otras cuestiones que tambi\u00e9n deben abordarse\u201d.<\/p>\n\n\n\n<p>Concluy\u00f3 que la Provincia contin\u00faa atendiendo el transporte p\u00fablico tanto en el \u00e1rea metropolitana como en el interior, como poder concedente y autoridad de aplicaci\u00f3n del sistema.<\/p>\n","protected":false},"excerpt":{"rendered":"<p>El titular del PE asegur\u00f3 que &#8220;este gobierno provincial particip\u00f3, fue viabilizador y puente de&#8230;<\/p>\n","protected":false},"author":2,"featured_media":48935,"comment_status":"open","ping_status":"open","sticky":false,"template":"","format":"standard","meta":{"footnotes":""},"categories":[2],"tags":[],"class_list":["post-48934","post","type-post","status-publish","format-standard","has-post-thumbnail","hentry","category-locales"],"_links":{"self":[{"href":"https:\/\/masquenoticiastucuman.com.ar\/index.php?rest_route=\/wp\/v2\/posts\/48934","targetHints":{"allow":["GET"]}}],"collection":[{"href":"https:\/\/masquenoticiastucuman.com.ar\/index.php?rest_route=\/wp\/v2\/posts"}],"about":[{"href":"https:\/\/masquenoticiastucuman.com.ar\/index.php?rest_route=\/wp\/v2\/types\/post"}],"author":[{"embeddable":true,"href":"https:\/\/masquenoticiastucuman.com.ar\/index.php?rest_route=\/wp\/v2\/users\/2"}],"replies":[{"embeddable":true,"href":"https:\/\/masquenoticiastucuman.com.ar\/index.php?rest_route=%2Fwp%2Fv2%2Fcomments&post=48934"}],"version-history":[{"count":1,"href":"https:\/\/masquenoticiastucuman.com.ar\/index.php?rest_route=\/wp\/v2\/posts\/48934\/revisions"}],"predecessor-version":[{"id":48936,"href":"https:\/\/masquenoticiastucuman.com.ar\/index.php?rest_route=\/wp\/v2\/posts\/48934\/revisions\/48936"}],"wp:featuredmedia":[{"embeddable":true,"href":"https:\/\/masquenoticiastucuman.com.ar\/index.php?rest_route=\/wp\/v2\/media\/48935"}],"wp:attachment":[{"href":"https:\/\/masquenoticiastucuman.com.ar\/index.php?rest_route=%2Fwp%2Fv2%2Fmedia&parent=48934"}],"wp:term":[{"taxonomy":"category","embeddable":true,"href":"https:\/\/masquenoticiastucuman.com.ar\/index.php?rest_route=%2Fwp%2Fv2%2Fcategories&post=48934"},{"taxonomy":"post_tag","embeddable":true,"href":"https:\/\/masquenoticiastucuman.com.ar\/index.php?rest_route=%2Fwp%2Fv2%2Ftags&post=48934"}],"curies":[{"name":"wp","href":"https:\/\/api.w.org\/{rel}","templated":true}]}}