{"id":49043,"date":"2025-11-06T10:01:08","date_gmt":"2025-11-06T13:01:08","guid":{"rendered":"http:\/\/masquenoticiastucuman.com.ar\/?p=49043"},"modified":"2025-11-06T10:01:08","modified_gmt":"2025-11-06T13:01:08","slug":"entidades-del-sector-destacan-el-trabajo-de-la-administracion-general-de-puertos-en-el-proceso-licitatorio-de-la-via-navegable-troncal","status":"publish","type":"post","link":"https:\/\/masquenoticiastucuman.com.ar\/?p=49043","title":{"rendered":"Entidades del sector destacan el trabajo de la Administraci\u00f3n General de Puertos  en el proceso licitatorio de la V\u00eda Navegable Troncal"},"content":{"rendered":"<ul>\n<li>Valoraron la convocatoria y desarrollo de la Audiencia P\u00fablica donde se analiz\u00f3 el Informe de Gesti\u00f3n y Evaluaci\u00f3n Ambiental, paso previo a la pr\u00f3xima licitaci\u00f3n del sistema fluvial.<\/li>\n<\/ul>","protected":false},"excerpt":{"rendered":"<p>Valoraron la convocatoria y desarrollo de la Audiencia P\u00fablica donde se analiz\u00f3 el Informe de&#8230;<\/p>\n","protected":false},"author":1,"featured_media":49044,"comment_status":"open","ping_status":"open","sticky":false,"template":"","format":"standard","meta":{"footnotes":""},"categories":[],"tags":[],"class_list":["post-49043","post","type-post","status-publish","format-standard","has-post-thumbnail","hentry"],"_links":{"self":[{"href":"https:\/\/masquenoticiastucuman.com.ar\/index.php?rest_route=\/wp\/v2\/posts\/49043","targetHints":{"allow":["GET"]}}],"collection":[{"href":"https:\/\/masquenoticiastucuman.com.ar\/index.php?rest_route=\/wp\/v2\/posts"}],"about":[{"href":"https:\/\/masquenoticiastucuman.com.ar\/index.php?rest_route=\/wp\/v2\/types\/post"}],"author":[{"embeddable":true,"href":"https:\/\/masquenoticiastucuman.com.ar\/index.php?rest_route=\/wp\/v2\/users\/1"}],"replies":[{"embeddable":true,"href":"https:\/\/masquenoticiastucuman.com.ar\/index.php?rest_route=%2Fwp%2Fv2%2Fcomments&post=49043"}],"version-history":[{"count":0,"href":"https:\/\/masquenoticiastucuman.com.ar\/index.php?rest_route=\/wp\/v2\/posts\/49043\/revisions"}],"wp:featuredmedia":[{"embeddable":true,"href":"https:\/\/masquenoticiastucuman.com.ar\/index.php?rest_route=\/wp\/v2\/media\/49044"}],"wp:attachment":[{"href":"https:\/\/masquenoticiastucuman.com.ar\/index.php?rest_route=%2Fwp%2Fv2%2Fmedia&parent=49043"}],"wp:term":[{"taxonomy":"category","embeddable":true,"href":"https:\/\/masquenoticiastucuman.com.ar\/index.php?rest_route=%2Fwp%2Fv2%2Fcategories&post=49043"},{"taxonomy":"post_tag","embeddable":true,"href":"https:\/\/masquenoticiastucuman.com.ar\/index.php?rest_route=%2Fwp%2Fv2%2Ftags&post=49043"}],"curies":[{"name":"wp","href":"https:\/\/api.w.org\/{rel}","templated":true}]}}