{"id":49049,"date":"2025-11-06T17:01:02","date_gmt":"2025-11-06T20:01:02","guid":{"rendered":"http:\/\/masquenoticiastucuman.com.ar\/?p=49049"},"modified":"2025-11-06T17:01:02","modified_gmt":"2025-11-06T20:01:02","slug":"el-gobierno-designo-a-nuevos-integrantes-del-consejo-directivo-del-inta","status":"publish","type":"post","link":"https:\/\/masquenoticiastucuman.com.ar\/?p=49049","title":{"rendered":"El Gobierno design\u00f3 a nuevos integrantes del Consejo Directivo del INTA"},"content":{"rendered":"<ul>\n<li>A trav\u00e9s del Decreto 786\/2025, se nombraron representantes de las principales entidades del agro y del \u00e1mbito acad\u00e9mico. <\/li>\n<li>La medida se conoci\u00f3 luego de que el Ejecutivo restituyera la autonom\u00eda del organismo tras la pol\u00e9mica por su reestructuraci\u00f3n.<\/li>\n<\/ul>","protected":false},"excerpt":{"rendered":"<p>A trav\u00e9s del Decreto 786\/2025, se nombraron representantes de las principales entidades del agro y&#8230;<\/p>\n","protected":false},"author":1,"featured_media":49050,"comment_status":"open","ping_status":"open","sticky":false,"template":"","format":"standard","meta":{"footnotes":""},"categories":[],"tags":[],"class_list":["post-49049","post","type-post","status-publish","format-standard","has-post-thumbnail","hentry"],"_links":{"self":[{"href":"https:\/\/masquenoticiastucuman.com.ar\/index.php?rest_route=\/wp\/v2\/posts\/49049","targetHints":{"allow":["GET"]}}],"collection":[{"href":"https:\/\/masquenoticiastucuman.com.ar\/index.php?rest_route=\/wp\/v2\/posts"}],"about":[{"href":"https:\/\/masquenoticiastucuman.com.ar\/index.php?rest_route=\/wp\/v2\/types\/post"}],"author":[{"embeddable":true,"href":"https:\/\/masquenoticiastucuman.com.ar\/index.php?rest_route=\/wp\/v2\/users\/1"}],"replies":[{"embeddable":true,"href":"https:\/\/masquenoticiastucuman.com.ar\/index.php?rest_route=%2Fwp%2Fv2%2Fcomments&post=49049"}],"version-history":[{"count":0,"href":"https:\/\/masquenoticiastucuman.com.ar\/index.php?rest_route=\/wp\/v2\/posts\/49049\/revisions"}],"wp:featuredmedia":[{"embeddable":true,"href":"https:\/\/masquenoticiastucuman.com.ar\/index.php?rest_route=\/wp\/v2\/media\/49050"}],"wp:attachment":[{"href":"https:\/\/masquenoticiastucuman.com.ar\/index.php?rest_route=%2Fwp%2Fv2%2Fmedia&parent=49049"}],"wp:term":[{"taxonomy":"category","embeddable":true,"href":"https:\/\/masquenoticiastucuman.com.ar\/index.php?rest_route=%2Fwp%2Fv2%2Fcategories&post=49049"},{"taxonomy":"post_tag","embeddable":true,"href":"https:\/\/masquenoticiastucuman.com.ar\/index.php?rest_route=%2Fwp%2Fv2%2Ftags&post=49049"}],"curies":[{"name":"wp","href":"https:\/\/api.w.org\/{rel}","templated":true}]}}