{"id":49057,"date":"2025-11-06T21:31:05","date_gmt":"2025-11-07T00:31:05","guid":{"rendered":"http:\/\/masquenoticiastucuman.com.ar\/?p=49057"},"modified":"2025-11-06T21:31:05","modified_gmt":"2025-11-07T00:31:05","slug":"matias-soule-volvio-a-quedar-afuera-de-la-convocatoria-de-la-seleccion-argentina-pero-sigue-en-modo-goleador-en-la-roma-que-le-gano-al-rangers-en-la-europa-league","status":"publish","type":"post","link":"https:\/\/masquenoticiastucuman.com.ar\/?p=49057","title":{"rendered":"Mat\u00edas Soul\u00e9 volvi\u00f3 a quedar afuera de la convocatoria de la Selecci\u00f3n Argentina, pero sigue en modo goleador en la Roma, que le gan\u00f3 al Rangers en la Europa League"},"content":{"rendered":"<ul>\n<li>El mediocampista juvenil abri\u00f3 el camino del triunfo por 2-0 de la Loba, que cort\u00f3 la mala racha en la competencia continental.<\/li>\n<li>Mir\u00e1 el resumen.<\/li>\n<\/ul>\n<p>\u200bEl mediocampista juvenil abri\u00f3 el camino del triunfo por 2-0 de la Loba, que cort\u00f3 la mala racha en la competencia continental.Mir\u00e1 el resumen.\u00a0<a href=\"https:\/\/www.clarin.com\/deportes\/matias-soule-volvio-quedar-afuera-convocatoria-seleccion-argentina-sigue-modo-goleador-roma-gano-rangers-europa-league_0_ySElVITtc5.html\" target=\"_blank\" class=\"feedzy-rss-link-icon\">Read More<\/a><\/p>","protected":false},"excerpt":{"rendered":"<p>El mediocampista juvenil abri\u00f3 el camino del triunfo por 2-0 de la Loba, que cort\u00f3&#8230;<\/p>\n","protected":false},"author":1,"featured_media":49058,"comment_status":"open","ping_status":"open","sticky":false,"template":"","format":"standard","meta":{"footnotes":""},"categories":[1],"tags":[],"class_list":["post-49057","post","type-post","status-publish","format-standard","has-post-thumbnail","hentry","category-uncategorized"],"_links":{"self":[{"href":"https:\/\/masquenoticiastucuman.com.ar\/index.php?rest_route=\/wp\/v2\/posts\/49057","targetHints":{"allow":["GET"]}}],"collection":[{"href":"https:\/\/masquenoticiastucuman.com.ar\/index.php?rest_route=\/wp\/v2\/posts"}],"about":[{"href":"https:\/\/masquenoticiastucuman.com.ar\/index.php?rest_route=\/wp\/v2\/types\/post"}],"author":[{"embeddable":true,"href":"https:\/\/masquenoticiastucuman.com.ar\/index.php?rest_route=\/wp\/v2\/users\/1"}],"replies":[{"embeddable":true,"href":"https:\/\/masquenoticiastucuman.com.ar\/index.php?rest_route=%2Fwp%2Fv2%2Fcomments&post=49057"}],"version-history":[{"count":0,"href":"https:\/\/masquenoticiastucuman.com.ar\/index.php?rest_route=\/wp\/v2\/posts\/49057\/revisions"}],"wp:featuredmedia":[{"embeddable":true,"href":"https:\/\/masquenoticiastucuman.com.ar\/index.php?rest_route=\/wp\/v2\/media\/49058"}],"wp:attachment":[{"href":"https:\/\/masquenoticiastucuman.com.ar\/index.php?rest_route=%2Fwp%2Fv2%2Fmedia&parent=49057"}],"wp:term":[{"taxonomy":"category","embeddable":true,"href":"https:\/\/masquenoticiastucuman.com.ar\/index.php?rest_route=%2Fwp%2Fv2%2Fcategories&post=49057"},{"taxonomy":"post_tag","embeddable":true,"href":"https:\/\/masquenoticiastucuman.com.ar\/index.php?rest_route=%2Fwp%2Fv2%2Ftags&post=49057"}],"curies":[{"name":"wp","href":"https:\/\/api.w.org\/{rel}","templated":true}]}}