{"id":49139,"date":"2025-11-08T21:31:20","date_gmt":"2025-11-09T00:31:20","guid":{"rendered":"http:\/\/masquenoticiastucuman.com.ar\/?p=49139"},"modified":"2025-11-08T21:31:20","modified_gmt":"2025-11-09T00:31:20","slug":"el-arquero-argentino-gino-santilli-metio-un-golazo-de-arco-a-arco-en-el-futbol-uruguayo-con-cerro-largo-y-sorprendio-con-su-sinceridad","status":"publish","type":"post","link":"https:\/\/masquenoticiastucuman.com.ar\/?p=49139","title":{"rendered":"El arquero argentino Gino Santilli meti\u00f3 un golazo de arco a arco en el f\u00fatbol uruguayo con Cerro Largo y sorprendi\u00f3 con su sinceridad"},"content":{"rendered":"<ul>\n<li>El ex Banfield sac\u00f3 fuerte desde su \u00e1rea grande y el pique complic\u00f3 a su colega rival.<\/li>\n<li>Fue un duelo clave en la clasificaci\u00f3n a la Copa Sudamericana del a\u00f1o pr\u00f3ximo.<\/li>\n<li>&#8220;Ni vi cuando ingres\u00f3&#8221;, reconoci\u00f3 tras la victoria sobre Liverpool.<\/li>\n<\/ul>\n<p>\u200bEl ex Banfield sac\u00f3 fuerte desde su \u00e1rea grande y el pique complic\u00f3 a su colega rival.Fue un duelo clave en la clasificaci\u00f3n a la Copa Sudamericana del a\u00f1o pr\u00f3ximo.&#8221;Ni vi cuando ingres\u00f3&#8221;, reconoci\u00f3 tras la victoria sobre Liverpool.\u00a0<a href=\"https:\/\/www.clarin.com\/deportes\/arquero-argentino-gino-santilli-metio-golazo-arco-arco-futbol-uruguayo-cerro-largo-sorprendio-sinceridad_0_DWpfmY64CM.html\" target=\"_blank\" class=\"feedzy-rss-link-icon\">Read More<\/a><\/p>","protected":false},"excerpt":{"rendered":"<p>El ex Banfield sac\u00f3 fuerte desde su \u00e1rea grande y el pique complic\u00f3 a su&#8230;<\/p>\n","protected":false},"author":1,"featured_media":49140,"comment_status":"open","ping_status":"open","sticky":false,"template":"","format":"standard","meta":{"footnotes":""},"categories":[1],"tags":[],"class_list":["post-49139","post","type-post","status-publish","format-standard","has-post-thumbnail","hentry","category-uncategorized"],"_links":{"self":[{"href":"https:\/\/masquenoticiastucuman.com.ar\/index.php?rest_route=\/wp\/v2\/posts\/49139","targetHints":{"allow":["GET"]}}],"collection":[{"href":"https:\/\/masquenoticiastucuman.com.ar\/index.php?rest_route=\/wp\/v2\/posts"}],"about":[{"href":"https:\/\/masquenoticiastucuman.com.ar\/index.php?rest_route=\/wp\/v2\/types\/post"}],"author":[{"embeddable":true,"href":"https:\/\/masquenoticiastucuman.com.ar\/index.php?rest_route=\/wp\/v2\/users\/1"}],"replies":[{"embeddable":true,"href":"https:\/\/masquenoticiastucuman.com.ar\/index.php?rest_route=%2Fwp%2Fv2%2Fcomments&post=49139"}],"version-history":[{"count":0,"href":"https:\/\/masquenoticiastucuman.com.ar\/index.php?rest_route=\/wp\/v2\/posts\/49139\/revisions"}],"wp:featuredmedia":[{"embeddable":true,"href":"https:\/\/masquenoticiastucuman.com.ar\/index.php?rest_route=\/wp\/v2\/media\/49140"}],"wp:attachment":[{"href":"https:\/\/masquenoticiastucuman.com.ar\/index.php?rest_route=%2Fwp%2Fv2%2Fmedia&parent=49139"}],"wp:term":[{"taxonomy":"category","embeddable":true,"href":"https:\/\/masquenoticiastucuman.com.ar\/index.php?rest_route=%2Fwp%2Fv2%2Fcategories&post=49139"},{"taxonomy":"post_tag","embeddable":true,"href":"https:\/\/masquenoticiastucuman.com.ar\/index.php?rest_route=%2Fwp%2Fv2%2Ftags&post=49139"}],"curies":[{"name":"wp","href":"https:\/\/api.w.org\/{rel}","templated":true}]}}