{"id":49181,"date":"2025-11-09T10:58:46","date_gmt":"2025-11-09T13:58:46","guid":{"rendered":"https:\/\/masquenoticiastucuman.com.ar\/?p=49181"},"modified":"2025-11-09T10:58:47","modified_gmt":"2025-11-09T13:58:47","slug":"un-equipo-del-cero-viajo-a-mendoza-para-trasladar-a-un-criminal-solicitado-por-la-justicia-tucumana","status":"publish","type":"post","link":"https:\/\/masquenoticiastucuman.com.ar\/?p=49181","title":{"rendered":"Un equipo del CERO viaj\u00f3 a Mendoza para trasladar a un criminal solicitado por la Justicia tucumana"},"content":{"rendered":"\n<p>Se trata de una comitiva de la Direcci\u00f3n de Fuerzas Especiales CERO que fue enviada a la provincia de Mendoza para buscar, custodiar y trasladar a esta provincia a un hombre vinculado a un robo agravado. Este trabajo, con personal altamente capacitado, fue solicitado por la C\u00e1mara Conclusional.<\/p>\n\n\n\n<p id=\"isPasted\">Mediante acto resolutivo de la Jefatura de Polic\u00eda a cargo del jefe y subjefe,&nbsp;<strong>Joaqu\u00edn Girvau<\/strong>&nbsp;y&nbsp;<strong>Roque Y\u00f1igo,<\/strong>&nbsp;respectivamente; y con anuencia del director general de Unidades Especiales, comisario general&nbsp;<strong>Fabio Ferreyra<\/strong>; se envi\u00f3 una comitiva encabezada por el comisario inspector Mariano Dom\u00ednguez.<\/p>\n\n\n\n<p>El equipo t\u00e1ctico, brind\u00f3, asegur\u00f3 y garantiz\u00f3 la misi\u00f3n de extradici\u00f3n del imputado quien, al llegar a la provincia, fue alojado en la Comisar\u00eda Lules, dispuesto por mandato judicial.<\/p>\n","protected":false},"excerpt":{"rendered":"<p>Se trata de una comitiva de la Direcci\u00f3n de Fuerzas Especiales CERO que fue enviada&#8230;<\/p>\n","protected":false},"author":2,"featured_media":49182,"comment_status":"open","ping_status":"open","sticky":false,"template":"","format":"standard","meta":{"footnotes":""},"categories":[2],"tags":[],"class_list":["post-49181","post","type-post","status-publish","format-standard","has-post-thumbnail","hentry","category-locales"],"_links":{"self":[{"href":"https:\/\/masquenoticiastucuman.com.ar\/index.php?rest_route=\/wp\/v2\/posts\/49181","targetHints":{"allow":["GET"]}}],"collection":[{"href":"https:\/\/masquenoticiastucuman.com.ar\/index.php?rest_route=\/wp\/v2\/posts"}],"about":[{"href":"https:\/\/masquenoticiastucuman.com.ar\/index.php?rest_route=\/wp\/v2\/types\/post"}],"author":[{"embeddable":true,"href":"https:\/\/masquenoticiastucuman.com.ar\/index.php?rest_route=\/wp\/v2\/users\/2"}],"replies":[{"embeddable":true,"href":"https:\/\/masquenoticiastucuman.com.ar\/index.php?rest_route=%2Fwp%2Fv2%2Fcomments&post=49181"}],"version-history":[{"count":1,"href":"https:\/\/masquenoticiastucuman.com.ar\/index.php?rest_route=\/wp\/v2\/posts\/49181\/revisions"}],"predecessor-version":[{"id":49183,"href":"https:\/\/masquenoticiastucuman.com.ar\/index.php?rest_route=\/wp\/v2\/posts\/49181\/revisions\/49183"}],"wp:featuredmedia":[{"embeddable":true,"href":"https:\/\/masquenoticiastucuman.com.ar\/index.php?rest_route=\/wp\/v2\/media\/49182"}],"wp:attachment":[{"href":"https:\/\/masquenoticiastucuman.com.ar\/index.php?rest_route=%2Fwp%2Fv2%2Fmedia&parent=49181"}],"wp:term":[{"taxonomy":"category","embeddable":true,"href":"https:\/\/masquenoticiastucuman.com.ar\/index.php?rest_route=%2Fwp%2Fv2%2Fcategories&post=49181"},{"taxonomy":"post_tag","embeddable":true,"href":"https:\/\/masquenoticiastucuman.com.ar\/index.php?rest_route=%2Fwp%2Fv2%2Ftags&post=49181"}],"curies":[{"name":"wp","href":"https:\/\/api.w.org\/{rel}","templated":true}]}}