{"id":49210,"date":"2025-11-09T21:31:10","date_gmt":"2025-11-10T00:31:10","guid":{"rendered":"http:\/\/masquenoticiastucuman.com.ar\/?p=49210"},"modified":"2025-11-09T21:31:10","modified_gmt":"2025-11-10T00:31:10","slug":"la-dura-autocritica-de-franco-armani-y-juanfer-quintero-tras-perder-el-superclasico-con-river-contra-boca-nunca-le-haria-la-cama-a-un-dt","status":"publish","type":"post","link":"https:\/\/masquenoticiastucuman.com.ar\/?p=49210","title":{"rendered":"La dura autocr\u00edtica de Franco Armani y Juanfer Quintero tras perder el Supercl\u00e1sico con River contra Boca: &#8220;Nunca le har\u00eda la cama a un DT&#8221;"},"content":{"rendered":"<ul>\n<li>El capit\u00e1n y el colombiano no esquivaron la responsabilidad de este momento de River, con siete derrotas en los \u00faltimos diez partidos.<\/li>\n<li>Adem\u00e1s, Mart\u00ednez Quarta calific\u00f3 el partido de su equipo como &#8220;una mierda&#8221;.<\/li>\n<\/ul>\n<p>\u200bEl capit\u00e1n y el colombiano no esquivaron la responsabilidad de este momento de River, con siete derrotas en los \u00faltimos diez partidos.Adem\u00e1s, Mart\u00ednez Quarta calific\u00f3 el partido de su equipo como &#8220;una mierda&#8221;.\u00a0<a href=\"https:\/\/www.clarin.com\/deportes\/dura-autocritica-franco-armani-juanfer-quintero-perder-superclasico-river-boca-haria-cama-dt_0_Fy8kRo8TqR.html\" target=\"_blank\" class=\"feedzy-rss-link-icon\">Read More<\/a><\/p>","protected":false},"excerpt":{"rendered":"<p>El capit\u00e1n y el colombiano no esquivaron la responsabilidad de este momento de River, con&#8230;<\/p>\n","protected":false},"author":1,"featured_media":49211,"comment_status":"open","ping_status":"open","sticky":false,"template":"","format":"standard","meta":{"footnotes":""},"categories":[1],"tags":[],"class_list":["post-49210","post","type-post","status-publish","format-standard","has-post-thumbnail","hentry","category-uncategorized"],"_links":{"self":[{"href":"https:\/\/masquenoticiastucuman.com.ar\/index.php?rest_route=\/wp\/v2\/posts\/49210","targetHints":{"allow":["GET"]}}],"collection":[{"href":"https:\/\/masquenoticiastucuman.com.ar\/index.php?rest_route=\/wp\/v2\/posts"}],"about":[{"href":"https:\/\/masquenoticiastucuman.com.ar\/index.php?rest_route=\/wp\/v2\/types\/post"}],"author":[{"embeddable":true,"href":"https:\/\/masquenoticiastucuman.com.ar\/index.php?rest_route=\/wp\/v2\/users\/1"}],"replies":[{"embeddable":true,"href":"https:\/\/masquenoticiastucuman.com.ar\/index.php?rest_route=%2Fwp%2Fv2%2Fcomments&post=49210"}],"version-history":[{"count":0,"href":"https:\/\/masquenoticiastucuman.com.ar\/index.php?rest_route=\/wp\/v2\/posts\/49210\/revisions"}],"wp:featuredmedia":[{"embeddable":true,"href":"https:\/\/masquenoticiastucuman.com.ar\/index.php?rest_route=\/wp\/v2\/media\/49211"}],"wp:attachment":[{"href":"https:\/\/masquenoticiastucuman.com.ar\/index.php?rest_route=%2Fwp%2Fv2%2Fmedia&parent=49210"}],"wp:term":[{"taxonomy":"category","embeddable":true,"href":"https:\/\/masquenoticiastucuman.com.ar\/index.php?rest_route=%2Fwp%2Fv2%2Fcategories&post=49210"},{"taxonomy":"post_tag","embeddable":true,"href":"https:\/\/masquenoticiastucuman.com.ar\/index.php?rest_route=%2Fwp%2Fv2%2Ftags&post=49210"}],"curies":[{"name":"wp","href":"https:\/\/api.w.org\/{rel}","templated":true}]}}