{"id":49223,"date":"2025-11-10T07:06:28","date_gmt":"2025-11-10T10:06:28","guid":{"rendered":"https:\/\/masquenoticiastucuman.com.ar\/?p=49223"},"modified":"2025-11-10T07:06:28","modified_gmt":"2025-11-10T10:06:28","slug":"durante-controles-preventivos-sorprenden-a-dos-hombres-con-cocaina","status":"publish","type":"post","link":"https:\/\/masquenoticiastucuman.com.ar\/?p=49223","title":{"rendered":"Durante controles preventivos sorprenden a dos hombres con coca\u00edna"},"content":{"rendered":"\n<p>Ocurri\u00f3 en la noche de este viernes en la villa veraniega El Mollar. Los infractores circulaban en una camioneta y, al requisarlos, hallaron un envoltorio pl\u00e1stico que conten\u00eda coca\u00edna.<\/p>\n\n\n\n<p id=\"isPasted\">Entre las 00 horas y las 6 de la ma\u00f1ana de este s\u00e1bado, Jefatura de Zona I perteneciente a la Unidad Regional Oeste, mont\u00f3 un importante operativo preventivo en El Mollar, Taf\u00ed del Valle y zonas aleda\u00f1as. Fue en ese contexto que, un equipo de la comisar\u00eda que estaba apostado sobre ruta 307, intercept\u00f3 una camioneta que era conducida por un hombre y llevaba un acompa\u00f1ante.<\/p>\n\n\n\n<p>Cuando realizaron la inspecci\u00f3n del rodado, hallaron una bolsa de pl\u00e1stico que conten\u00eda la sustancia estupefaciente. Por ello procedieron al secuestro de la misma, de dinero en efectivo y dos celulares.<\/p>\n\n\n\n<p>La Unidad Fiscal de Narcomenudeo aval\u00f3 este procedimiento, secuestraron el rodado y, en cuanto a los infractores, al no contar con causas pendientes fueron puestos en libertad.<\/p>\n","protected":false},"excerpt":{"rendered":"<p>Ocurri\u00f3 en la noche de este viernes en la villa veraniega El Mollar. Los infractores&#8230;<\/p>\n","protected":false},"author":2,"featured_media":49224,"comment_status":"open","ping_status":"open","sticky":false,"template":"","format":"standard","meta":{"footnotes":""},"categories":[2],"tags":[],"class_list":["post-49223","post","type-post","status-publish","format-standard","has-post-thumbnail","hentry","category-locales"],"_links":{"self":[{"href":"https:\/\/masquenoticiastucuman.com.ar\/index.php?rest_route=\/wp\/v2\/posts\/49223","targetHints":{"allow":["GET"]}}],"collection":[{"href":"https:\/\/masquenoticiastucuman.com.ar\/index.php?rest_route=\/wp\/v2\/posts"}],"about":[{"href":"https:\/\/masquenoticiastucuman.com.ar\/index.php?rest_route=\/wp\/v2\/types\/post"}],"author":[{"embeddable":true,"href":"https:\/\/masquenoticiastucuman.com.ar\/index.php?rest_route=\/wp\/v2\/users\/2"}],"replies":[{"embeddable":true,"href":"https:\/\/masquenoticiastucuman.com.ar\/index.php?rest_route=%2Fwp%2Fv2%2Fcomments&post=49223"}],"version-history":[{"count":1,"href":"https:\/\/masquenoticiastucuman.com.ar\/index.php?rest_route=\/wp\/v2\/posts\/49223\/revisions"}],"predecessor-version":[{"id":49225,"href":"https:\/\/masquenoticiastucuman.com.ar\/index.php?rest_route=\/wp\/v2\/posts\/49223\/revisions\/49225"}],"wp:featuredmedia":[{"embeddable":true,"href":"https:\/\/masquenoticiastucuman.com.ar\/index.php?rest_route=\/wp\/v2\/media\/49224"}],"wp:attachment":[{"href":"https:\/\/masquenoticiastucuman.com.ar\/index.php?rest_route=%2Fwp%2Fv2%2Fmedia&parent=49223"}],"wp:term":[{"taxonomy":"category","embeddable":true,"href":"https:\/\/masquenoticiastucuman.com.ar\/index.php?rest_route=%2Fwp%2Fv2%2Fcategories&post=49223"},{"taxonomy":"post_tag","embeddable":true,"href":"https:\/\/masquenoticiastucuman.com.ar\/index.php?rest_route=%2Fwp%2Fv2%2Ftags&post=49223"}],"curies":[{"name":"wp","href":"https:\/\/api.w.org\/{rel}","templated":true}]}}