{"id":49228,"date":"2025-11-10T09:31:02","date_gmt":"2025-11-10T12:31:02","guid":{"rendered":"http:\/\/masquenoticiastucuman.com.ar\/?p=49228"},"modified":"2025-11-10T09:31:02","modified_gmt":"2025-11-10T12:31:02","slug":"los-desafios-de-la-ia-generativa-despidos-alucinaciones-y-la-inversion-de-openai-en-argentina","status":"publish","type":"post","link":"https:\/\/masquenoticiastucuman.com.ar\/?p=49228","title":{"rendered":"Los desaf\u00edos de la IA generativa: despidos, alucinaciones y la inversi\u00f3n de OpenAI en Argentina"},"content":{"rendered":"<ul>\n<li>A tres a\u00f1os del boom de ChatGPT, la inteligencia artificial redefine el trabajo y plantea dilemas \u00e9ticos y legales.<\/li>\n<li>Expertos advierten sobre el uso irresponsable de la IA en \u00e1mbitos sensibles como la Justicia.<\/li>\n<li>Los data centers en el pa\u00eds, entre la promesa y la realidad.<\/li>\n<\/ul>\n<p>\u200bA tres a\u00f1os del boom de ChatGPT, la inteligencia artificial redefine el trabajo y plantea dilemas \u00e9ticos y legales.Expertos advierten sobre el uso irresponsable de la IA en \u00e1mbitos sensibles como la Justicia.Los data centers en el pa\u00eds, entre la promesa y la realidad.\u00a0<a href=\"https:\/\/www.clarin.com\/tecnologia\/desafios-ia-generativa-despidos-alucinaciones-inversion-openai-argentina_0_xWEAbp1Mjl.html\" target=\"_blank\" class=\"feedzy-rss-link-icon\">Read More<\/a><\/p>","protected":false},"excerpt":{"rendered":"<p>A tres a\u00f1os del boom de ChatGPT, la inteligencia artificial redefine el trabajo y plantea&#8230;<\/p>\n","protected":false},"author":1,"featured_media":49229,"comment_status":"open","ping_status":"open","sticky":false,"template":"","format":"standard","meta":{"footnotes":""},"categories":[8],"tags":[],"class_list":["post-49228","post","type-post","status-publish","format-standard","has-post-thumbnail","hentry","category-tecnologia"],"_links":{"self":[{"href":"https:\/\/masquenoticiastucuman.com.ar\/index.php?rest_route=\/wp\/v2\/posts\/49228","targetHints":{"allow":["GET"]}}],"collection":[{"href":"https:\/\/masquenoticiastucuman.com.ar\/index.php?rest_route=\/wp\/v2\/posts"}],"about":[{"href":"https:\/\/masquenoticiastucuman.com.ar\/index.php?rest_route=\/wp\/v2\/types\/post"}],"author":[{"embeddable":true,"href":"https:\/\/masquenoticiastucuman.com.ar\/index.php?rest_route=\/wp\/v2\/users\/1"}],"replies":[{"embeddable":true,"href":"https:\/\/masquenoticiastucuman.com.ar\/index.php?rest_route=%2Fwp%2Fv2%2Fcomments&post=49228"}],"version-history":[{"count":0,"href":"https:\/\/masquenoticiastucuman.com.ar\/index.php?rest_route=\/wp\/v2\/posts\/49228\/revisions"}],"wp:featuredmedia":[{"embeddable":true,"href":"https:\/\/masquenoticiastucuman.com.ar\/index.php?rest_route=\/wp\/v2\/media\/49229"}],"wp:attachment":[{"href":"https:\/\/masquenoticiastucuman.com.ar\/index.php?rest_route=%2Fwp%2Fv2%2Fmedia&parent=49228"}],"wp:term":[{"taxonomy":"category","embeddable":true,"href":"https:\/\/masquenoticiastucuman.com.ar\/index.php?rest_route=%2Fwp%2Fv2%2Fcategories&post=49228"},{"taxonomy":"post_tag","embeddable":true,"href":"https:\/\/masquenoticiastucuman.com.ar\/index.php?rest_route=%2Fwp%2Fv2%2Ftags&post=49228"}],"curies":[{"name":"wp","href":"https:\/\/api.w.org\/{rel}","templated":true}]}}