{"id":49236,"date":"2025-11-10T09:31:07","date_gmt":"2025-11-10T12:31:07","guid":{"rendered":"http:\/\/masquenoticiastucuman.com.ar\/?p=49236"},"modified":"2025-11-10T09:31:07","modified_gmt":"2025-11-10T12:31:07","slug":"lionel-messi-fue-al-camp-nou-y-le-hizo-un-inesperado-guino-a-barcelona-ojala-algun-dia-pueda-volver-y-no-solo-para-despedirme-como-jugador","status":"publish","type":"post","link":"https:\/\/masquenoticiastucuman.com.ar\/?p=49236","title":{"rendered":"Lionel Messi fue al Camp Nou y le hizo un inesperado gui\u00f1o a Barcelona: &#8220;Ojal\u00e1 alg\u00fan d\u00eda pueda volver y no solo para despedirme como jugador&#8221;"},"content":{"rendered":"<ul>\n<li>La Pulga, que viaj\u00f3 a Espa\u00f1a para sumarse a los entrenamientos de la Selecci\u00f3n Argentina, regres\u00f3 a su primer amor. <\/li>\n<li>El mensaje que ilusiona a todos los catalanes.<\/li>\n<\/ul>\n<p>\u200bLa Pulga, que viaj\u00f3 a Espa\u00f1a para sumarse a los entrenamientos de la Selecci\u00f3n Argentina, regres\u00f3 a su primer amor. El mensaje que ilusiona a todos los catalanes.\u00a0<a href=\"https:\/\/www.clarin.com\/deportes\/lionel-messi-camp-nou-hizo-inesperado-guino-barcelona-ojala-algun-dia-pueda-volver_0_QrNqrl930w.html\" target=\"_blank\" class=\"feedzy-rss-link-icon\">Read More<\/a><\/p>","protected":false},"excerpt":{"rendered":"<p>La Pulga, que viaj\u00f3 a Espa\u00f1a para sumarse a los entrenamientos de la Selecci\u00f3n Argentina,&#8230;<\/p>\n","protected":false},"author":1,"featured_media":49237,"comment_status":"open","ping_status":"open","sticky":false,"template":"","format":"standard","meta":{"footnotes":""},"categories":[1],"tags":[],"class_list":["post-49236","post","type-post","status-publish","format-standard","has-post-thumbnail","hentry","category-uncategorized"],"_links":{"self":[{"href":"https:\/\/masquenoticiastucuman.com.ar\/index.php?rest_route=\/wp\/v2\/posts\/49236","targetHints":{"allow":["GET"]}}],"collection":[{"href":"https:\/\/masquenoticiastucuman.com.ar\/index.php?rest_route=\/wp\/v2\/posts"}],"about":[{"href":"https:\/\/masquenoticiastucuman.com.ar\/index.php?rest_route=\/wp\/v2\/types\/post"}],"author":[{"embeddable":true,"href":"https:\/\/masquenoticiastucuman.com.ar\/index.php?rest_route=\/wp\/v2\/users\/1"}],"replies":[{"embeddable":true,"href":"https:\/\/masquenoticiastucuman.com.ar\/index.php?rest_route=%2Fwp%2Fv2%2Fcomments&post=49236"}],"version-history":[{"count":0,"href":"https:\/\/masquenoticiastucuman.com.ar\/index.php?rest_route=\/wp\/v2\/posts\/49236\/revisions"}],"wp:featuredmedia":[{"embeddable":true,"href":"https:\/\/masquenoticiastucuman.com.ar\/index.php?rest_route=\/wp\/v2\/media\/49237"}],"wp:attachment":[{"href":"https:\/\/masquenoticiastucuman.com.ar\/index.php?rest_route=%2Fwp%2Fv2%2Fmedia&parent=49236"}],"wp:term":[{"taxonomy":"category","embeddable":true,"href":"https:\/\/masquenoticiastucuman.com.ar\/index.php?rest_route=%2Fwp%2Fv2%2Fcategories&post=49236"},{"taxonomy":"post_tag","embeddable":true,"href":"https:\/\/masquenoticiastucuman.com.ar\/index.php?rest_route=%2Fwp%2Fv2%2Ftags&post=49236"}],"curies":[{"name":"wp","href":"https:\/\/api.w.org\/{rel}","templated":true}]}}