{"id":49240,"date":"2025-11-10T11:41:51","date_gmt":"2025-11-10T14:41:51","guid":{"rendered":"https:\/\/masquenoticiastucuman.com.ar\/?p=49240"},"modified":"2025-11-10T11:41:52","modified_gmt":"2025-11-10T14:41:52","slug":"jaldo-participo-en-la-presentacion-de-nuevos-camiones-y-trituradora-en-la-capital","status":"publish","type":"post","link":"https:\/\/masquenoticiastucuman.com.ar\/?p=49240","title":{"rendered":"Jaldo particip\u00f3 en la presentaci\u00f3n de nuevos camiones y trituradora en la Capital"},"content":{"rendered":"\n<p>El Primer Mandatario estuvo en la presentaci\u00f3n de cinco camiones recolectores y una trituradora de gran porte, equipamiento que moderniza el sistema de higiene urbana de San Miguel de Tucum\u00e1n.<\/p>\n\n\n\n<p id=\"isPasted\">El gobernador,&nbsp;<strong>Osvaldo Jaldo<\/strong>, particip\u00f3 esta ma\u00f1ana de la incorporaci\u00f3n de cinco m\u00e1quinas de recolecci\u00f3n de residuos y una trituradora de gran porte, equipamiento que permitir\u00e1 mejorar el desempe\u00f1o del sistema de higiene urbana para todos los vecinos de San Miguel de Tucum\u00e1n. La actividad tuvo lugar en el Parque Avellaneda.<\/p>\n\n\n\n<figure class=\"wp-block-image size-large\"><img loading=\"lazy\" decoding=\"async\" width=\"1024\" height=\"786\" src=\"https:\/\/masquenoticiastucuman.com.ar\/wp-content\/uploads\/2025\/11\/251110101412_18412-1024x786.jpeg\" alt=\"\" class=\"wp-image-49242\" srcset=\"https:\/\/masquenoticiastucuman.com.ar\/wp-content\/uploads\/2025\/11\/251110101412_18412-1024x786.jpeg 1024w, https:\/\/masquenoticiastucuman.com.ar\/wp-content\/uploads\/2025\/11\/251110101412_18412-300x230.jpeg 300w, https:\/\/masquenoticiastucuman.com.ar\/wp-content\/uploads\/2025\/11\/251110101412_18412-768x590.jpeg 768w, https:\/\/masquenoticiastucuman.com.ar\/wp-content\/uploads\/2025\/11\/251110101412_18412.jpeg 1280w\" sizes=\"auto, (max-width: 1024px) 100vw, 1024px\" \/><\/figure>\n\n\n\n<p>Jaldo subray\u00f3 que las inversiones en equipamiento como los nuevos camiones y la trituradora conocida como La Bestia \u201cno son un gasto, sino una inversi\u00f3n\u201d, y resalt\u00f3 que su incorporaci\u00f3n permitir\u00e1 mejorar la eficiencia y el tratamiento de residuos verdes en la ciudad.<\/p>\n\n\n\n<blockquote class=\"wp-block-quote is-layout-flow wp-block-quote-is-layout-flow\">\n<p>\u201cEsta articulaci\u00f3n p\u00fablico-privada es fundamental. El sector privado es necesario, pero el Estado debe fijar las pol\u00edticas; sin pol\u00edticas, no hay desarrollo\u201d, sostuvo el gobernador.<\/p>\n<\/blockquote>\n\n\n\n<p>Durante su mensaje, tambi\u00e9n llam\u00f3 a la unidad y al trabajo conjunto entre Provincia y municipios: \u201cLos tucumanos tenemos que seguir juntos. Lo que no hagamos por Tucum\u00e1n, nadie lo va a hacer desde afuera. Seguiremos trabajando en equipo para resolver los problemas y construir la provincia que todos queremos\u201d, concluy\u00f3<\/p>\n\n\n\n<p>Acompa\u00f1aron al Primer Mandatario el vicegobernador,&nbsp;<strong>Miguel Acevedo;&nbsp;<\/strong>la intendenta de San Miguel de Tucum\u00e1n,&nbsp;<strong>Rossana Chahla;&nbsp;<\/strong>los diputados,<strong>&nbsp;Elia Fern\u00e1ndez&nbsp;<\/strong>y<strong>&nbsp;Pablo Yedlin;<\/strong>&nbsp;los legisladores,&nbsp;<strong>Cristian Rodr\u00edguez&nbsp;<\/strong>y<strong>&nbsp;Geronimo Vargas Aignasse;<\/strong>&nbsp;los concejales&nbsp;<strong>Ernesto Nagle&nbsp;<\/strong>y<strong>&nbsp;Emiliano Vargas Aignasse.&nbsp;<\/strong>Tambi\u00e9n cont\u00f3 con la presencia de la secretaria de Gobierno municipal,&nbsp;<strong>Camila Giuliano&nbsp;<\/strong>y la secretaria de Ambiente y Desarrollo Sustentable municipal,&nbsp;<strong>Julieta Migliavacca.<\/strong><\/p>\n\n\n\n<p>El vicegobernador explic\u00f3 que esta maquinaria permitir\u00e1 reutilizar ramas, troncos y hojas que antes terminaban obstruyendo canales o generando basura, transform\u00e1ndolos ahora en bancos para plazas, compost y abono para espacios verdes.<\/p>\n\n\n\n<p>\u201cAs\u00ed como una tapita se convierte en anteojos, estos residuos se transforman en algo \u00fatil para la comunidad. Eso es cuidar el ambiente y mejorar la vida de las pr\u00f3ximas generaciones\u201d, destac\u00f3.<\/p>\n\n\n\n<p>Acevedo valor\u00f3 la gesti\u00f3n ambiental del municipio y el acompa\u00f1amiento del Gobierno provincial: \u201cNo son simples camiones, son herramientas que hacen una ciudad m\u00e1s limpia y sustentable. Felicitaciones a la intendenta Rossana Chahla y a todo su equipo; sigan as\u00ed, porque vamos por el camino de construir el San Miguel que queremos\u201d, concluy\u00f3.<\/p>\n\n\n\n<blockquote class=\"wp-block-quote is-layout-flow wp-block-quote-is-layout-flow\">\n<p>\u201cGracias al gobernador Osvaldo Jaldo por siempre acompa\u00f1ar las iniciativas del municipio, especialmente las relacionadas con el ambiente, y al vicegobernador Miguel Acevedo por respaldar con leyes y gestiones esta pol\u00edtica p\u00fablica que sostenemos desde el inicio de nuestra gesti\u00f3n\u201d, expres\u00f3 la intendenta Chahla.<\/p>\n<\/blockquote>\n\n\n\n<p>Durante su discurso, la jefa municipal agradeci\u00f3 tambi\u00e9n a los concejales, funcionarios, trabajadores municipales y empresarios, especialmente a la empresa 9 de julio, que ampli\u00f3 su flota de 30 a 45 camiones recolectores.<\/p>\n\n\n\n<p><em>\u201cEso significa un aumento del 50% en la capacidad operativa, y hoy podemos decir con orgullo que llegamos al 100% de los barrios de San Miguel de Tucum\u00e1n\u201d, remarc\u00f3.<\/em><\/p>\n\n\n\n<p>La intendenta subray\u00f3 adem\u00e1s la importancia de la educaci\u00f3n ambiental y la participaci\u00f3n de la comunidad en el cuidado del entorno. Destac\u00f3 la puesta en marcha del Campus Educativo Ambiental, por donde ya pasaron m\u00e1s de 5.900 estudiantes, familias y j\u00f3venes: \u201cLa gran convocatoria demuestra que hay un compromiso real con el medioambiente. Y si hay compromiso, vamos por el camino correcto\u201d, asegur\u00f3.<\/p>\n\n\n\n<p><strong>Chahla inform\u00f3 que la Municipalidad ya logr\u00f3 erradicar el 40% de los basurales cr\u00f3nicos de la ciudad, y reafirm\u00f3 su objetivo de eliminar los restantes<\/strong>: \u201cQueremos que ning\u00fan tucumano viva cerca de un basural. Es un trabajo arduo de concientizaci\u00f3n y transformaci\u00f3n, pero lo vamos a lograr.\u201d<\/p>\n\n\n\n<p>Asimismo, la intendenta anunci\u00f3 nuevos proyectos, entre ellos la creaci\u00f3n de la Casa de la Econom\u00eda Circular, un espacio donde se podr\u00e1n reciclar materiales y transformarlos en productos reutilizables como ladrillos y chapas, generando empleo digno y oportunidades para los trabajadores del reciclado.<\/p>\n\n\n\n<p id=\"isPasted\">La secretaria de Ambiente y Desarrollo Sustentable municipal, Julieta Migliavacca, dijo que \u00absabemos que la recolecci\u00f3n de residuos es uno de los servicios m\u00e1s visibles de esta gesti\u00f3n. Cada d\u00eda los equipos recorren la ciudad con distintos circuitos y tareas, y hoy sumamos una mejora sustancial en capacidad log\u00edstica con cinco nuevos camiones compactadores que permitir\u00e1n aumentar la frecuencia y optimizar rutas\u00bb.<\/p>\n\n\n\n<p>Migliavacca subray\u00f3 adem\u00e1s la incorporaci\u00f3n de \u201cLa Bestia\u201d, una m\u00e1quina trituradora de alto rendimiento que procesa troncos, ramas y restos de poda, reduciendo su volumen hasta en un 90% y permitiendo su reutilizaci\u00f3n.<\/p>\n\n\n\n<blockquote class=\"wp-block-quote is-layout-flow wp-block-quote-is-layout-flow\">\n<p>\u201cDesde 2024 nuestra ciudad emprendi\u00f3 el desaf\u00edo de valorizar los residuos verdes con una planta ubicada en el Parque Guillermina. Ya recuperamos m\u00e1s de 1.900 toneladas de material org\u00e1nico, entregamos compost, le\u00f1a social y biomasa para energ\u00eda\u201d, precis\u00f3.<\/p>\n<\/blockquote>\n\n\n\n<p><strong>La funcionaria explic\u00f3 que este proceso forma parte de una pol\u00edtica ambiental activa basada en la reducci\u00f3n, valorizaci\u00f3n y aprovechamiento de residuos, orientada a consolidar un modelo de econom\u00eda circular.<\/strong><\/p>\n","protected":false},"excerpt":{"rendered":"<p>El Primer Mandatario estuvo en la presentaci\u00f3n de cinco camiones recolectores y una trituradora de&#8230;<\/p>\n","protected":false},"author":2,"featured_media":49241,"comment_status":"open","ping_status":"open","sticky":false,"template":"","format":"standard","meta":{"footnotes":""},"categories":[2],"tags":[],"class_list":["post-49240","post","type-post","status-publish","format-standard","has-post-thumbnail","hentry","category-locales"],"_links":{"self":[{"href":"https:\/\/masquenoticiastucuman.com.ar\/index.php?rest_route=\/wp\/v2\/posts\/49240","targetHints":{"allow":["GET"]}}],"collection":[{"href":"https:\/\/masquenoticiastucuman.com.ar\/index.php?rest_route=\/wp\/v2\/posts"}],"about":[{"href":"https:\/\/masquenoticiastucuman.com.ar\/index.php?rest_route=\/wp\/v2\/types\/post"}],"author":[{"embeddable":true,"href":"https:\/\/masquenoticiastucuman.com.ar\/index.php?rest_route=\/wp\/v2\/users\/2"}],"replies":[{"embeddable":true,"href":"https:\/\/masquenoticiastucuman.com.ar\/index.php?rest_route=%2Fwp%2Fv2%2Fcomments&post=49240"}],"version-history":[{"count":1,"href":"https:\/\/masquenoticiastucuman.com.ar\/index.php?rest_route=\/wp\/v2\/posts\/49240\/revisions"}],"predecessor-version":[{"id":49243,"href":"https:\/\/masquenoticiastucuman.com.ar\/index.php?rest_route=\/wp\/v2\/posts\/49240\/revisions\/49243"}],"wp:featuredmedia":[{"embeddable":true,"href":"https:\/\/masquenoticiastucuman.com.ar\/index.php?rest_route=\/wp\/v2\/media\/49241"}],"wp:attachment":[{"href":"https:\/\/masquenoticiastucuman.com.ar\/index.php?rest_route=%2Fwp%2Fv2%2Fmedia&parent=49240"}],"wp:term":[{"taxonomy":"category","embeddable":true,"href":"https:\/\/masquenoticiastucuman.com.ar\/index.php?rest_route=%2Fwp%2Fv2%2Fcategories&post=49240"},{"taxonomy":"post_tag","embeddable":true,"href":"https:\/\/masquenoticiastucuman.com.ar\/index.php?rest_route=%2Fwp%2Fv2%2Ftags&post=49240"}],"curies":[{"name":"wp","href":"https:\/\/api.w.org\/{rel}","templated":true}]}}