{"id":49244,"date":"2025-11-10T18:01:02","date_gmt":"2025-11-10T21:01:02","guid":{"rendered":"http:\/\/masquenoticiastucuman.com.ar\/?p=49244"},"modified":"2025-11-10T18:01:02","modified_gmt":"2025-11-10T21:01:02","slug":"ensayos-como-sembrar-verdeos-de-invierno-sobre-maiz-tardio","status":"publish","type":"post","link":"https:\/\/masquenoticiastucuman.com.ar\/?p=49244","title":{"rendered":"Ensayos: c\u00f3mo sembrar verdeos de invierno sobre ma\u00edz tard\u00edo"},"content":{"rendered":"<ul>\n<li>El CREA Sudoeste detect\u00f3 que cuanto m\u00e1s peque\u00f1a sea la semilla, mayor es el porcentaje de logro del verdeo. <\/li>\n<li>Este a\u00f1o el raigr\u00e1s fue la especie que mayor volumen de materia seca aport\u00f3 en esa regi\u00f3n.<\/li>\n<\/ul>","protected":false},"excerpt":{"rendered":"<p>El CREA Sudoeste detect\u00f3 que cuanto m\u00e1s peque\u00f1a sea la semilla, mayor es el porcentaje&#8230;<\/p>\n","protected":false},"author":1,"featured_media":49245,"comment_status":"open","ping_status":"open","sticky":false,"template":"","format":"standard","meta":{"footnotes":""},"categories":[],"tags":[],"class_list":["post-49244","post","type-post","status-publish","format-standard","has-post-thumbnail","hentry"],"_links":{"self":[{"href":"https:\/\/masquenoticiastucuman.com.ar\/index.php?rest_route=\/wp\/v2\/posts\/49244","targetHints":{"allow":["GET"]}}],"collection":[{"href":"https:\/\/masquenoticiastucuman.com.ar\/index.php?rest_route=\/wp\/v2\/posts"}],"about":[{"href":"https:\/\/masquenoticiastucuman.com.ar\/index.php?rest_route=\/wp\/v2\/types\/post"}],"author":[{"embeddable":true,"href":"https:\/\/masquenoticiastucuman.com.ar\/index.php?rest_route=\/wp\/v2\/users\/1"}],"replies":[{"embeddable":true,"href":"https:\/\/masquenoticiastucuman.com.ar\/index.php?rest_route=%2Fwp%2Fv2%2Fcomments&post=49244"}],"version-history":[{"count":0,"href":"https:\/\/masquenoticiastucuman.com.ar\/index.php?rest_route=\/wp\/v2\/posts\/49244\/revisions"}],"wp:featuredmedia":[{"embeddable":true,"href":"https:\/\/masquenoticiastucuman.com.ar\/index.php?rest_route=\/wp\/v2\/media\/49245"}],"wp:attachment":[{"href":"https:\/\/masquenoticiastucuman.com.ar\/index.php?rest_route=%2Fwp%2Fv2%2Fmedia&parent=49244"}],"wp:term":[{"taxonomy":"category","embeddable":true,"href":"https:\/\/masquenoticiastucuman.com.ar\/index.php?rest_route=%2Fwp%2Fv2%2Fcategories&post=49244"},{"taxonomy":"post_tag","embeddable":true,"href":"https:\/\/masquenoticiastucuman.com.ar\/index.php?rest_route=%2Fwp%2Fv2%2Ftags&post=49244"}],"curies":[{"name":"wp","href":"https:\/\/api.w.org\/{rel}","templated":true}]}}