{"id":49246,"date":"2025-11-10T20:01:02","date_gmt":"2025-11-10T23:01:02","guid":{"rendered":"http:\/\/masquenoticiastucuman.com.ar\/?p=49246"},"modified":"2025-11-10T20:01:02","modified_gmt":"2025-11-10T23:01:02","slug":"campana-negra-blanca-o-gris-reflexiones-sobre-el-monitoreo-y-manejo-de-dalbulus-maidis","status":"publish","type":"post","link":"https:\/\/masquenoticiastucuman.com.ar\/?p=49246","title":{"rendered":"\u00bfCampa\u00f1a negra, blanca o gris?: reflexiones sobre el monitoreo y manejo de Dalbulus maidis"},"content":{"rendered":"<ul>\n<li>Tras una \u201ccampa\u00f1a negra\u201d en 2023 y una \u201cblanca\u201d en 2024, el 2025 se presenta \u201cgris\u201d, con un riesgo sanitario moderado pero latente para el ma\u00edz. <\/li>\n<li>El tono de ese gris depender\u00e1 de la capacidad del sistema productivo para anticiparse al vector Dalbulus maidis, cortar los \u201cpuentes verdes\u201d entre campa\u00f1as y fortalecer el manejo integrado de plagas con base biol\u00f3gica, t\u00e9cnica y regionalmente coordinada.<\/li>\n<\/ul>","protected":false},"excerpt":{"rendered":"<p>Tras una \u201ccampa\u00f1a negra\u201d en 2023 y una \u201cblanca\u201d en 2024, el 2025 se presenta&#8230;<\/p>\n","protected":false},"author":1,"featured_media":49247,"comment_status":"open","ping_status":"open","sticky":false,"template":"","format":"standard","meta":{"footnotes":""},"categories":[],"tags":[],"class_list":["post-49246","post","type-post","status-publish","format-standard","has-post-thumbnail","hentry"],"_links":{"self":[{"href":"https:\/\/masquenoticiastucuman.com.ar\/index.php?rest_route=\/wp\/v2\/posts\/49246","targetHints":{"allow":["GET"]}}],"collection":[{"href":"https:\/\/masquenoticiastucuman.com.ar\/index.php?rest_route=\/wp\/v2\/posts"}],"about":[{"href":"https:\/\/masquenoticiastucuman.com.ar\/index.php?rest_route=\/wp\/v2\/types\/post"}],"author":[{"embeddable":true,"href":"https:\/\/masquenoticiastucuman.com.ar\/index.php?rest_route=\/wp\/v2\/users\/1"}],"replies":[{"embeddable":true,"href":"https:\/\/masquenoticiastucuman.com.ar\/index.php?rest_route=%2Fwp%2Fv2%2Fcomments&post=49246"}],"version-history":[{"count":0,"href":"https:\/\/masquenoticiastucuman.com.ar\/index.php?rest_route=\/wp\/v2\/posts\/49246\/revisions"}],"wp:featuredmedia":[{"embeddable":true,"href":"https:\/\/masquenoticiastucuman.com.ar\/index.php?rest_route=\/wp\/v2\/media\/49247"}],"wp:attachment":[{"href":"https:\/\/masquenoticiastucuman.com.ar\/index.php?rest_route=%2Fwp%2Fv2%2Fmedia&parent=49246"}],"wp:term":[{"taxonomy":"category","embeddable":true,"href":"https:\/\/masquenoticiastucuman.com.ar\/index.php?rest_route=%2Fwp%2Fv2%2Fcategories&post=49246"},{"taxonomy":"post_tag","embeddable":true,"href":"https:\/\/masquenoticiastucuman.com.ar\/index.php?rest_route=%2Fwp%2Fv2%2Ftags&post=49246"}],"curies":[{"name":"wp","href":"https:\/\/api.w.org\/{rel}","templated":true}]}}