{"id":49273,"date":"2025-11-10T22:20:31","date_gmt":"2025-11-11T01:20:31","guid":{"rendered":"https:\/\/masquenoticiastucuman.com.ar\/?p=49273"},"modified":"2025-11-10T22:20:31","modified_gmt":"2025-11-11T01:20:31","slug":"el-vaticano-estreno-leo-from-chicago-un-documental-sobre-los-origenes-del-papa-en-estados-unidos","status":"publish","type":"post","link":"https:\/\/masquenoticiastucuman.com.ar\/?p=49273","title":{"rendered":"El Vaticano estren\u00f3 &#8220;Leo from Chicago&#8221;, un documental sobre los or\u00edgenes del papa en Estados Unidos"},"content":{"rendered":"<ul>\n<li>Es un documental en YouTube que recorre la historia, las ra\u00edces familiares y la vocaci\u00f3n agustina del pont\u00edfice en su tierra natal, con testimonios, entre otros, de sus hermanos Louis y John.<\/li>\n<li>La segunda obra sobre el papa, que sigue a &#8220;Le\u00f3n de Per\u00fa&#8221; estrenado el pasado junio, indaga en sus ra\u00edces a partir de su infancia en Dolton.<\/li>\n<\/ul>\n<p>\u200bEs un documental en YouTube que recorre la historia, las ra\u00edces familiares y la vocaci\u00f3n agustina del pont\u00edfice en su tierra natal, con testimonios, entre otros, de sus hermanos Louis y John.La segunda obra sobre el papa, que sigue a &#8220;Le\u00f3n de Per\u00fa&#8221; estrenado el pasado junio, indaga en sus ra\u00edces a partir de su infancia en Dolton.\u00a0<a href=\"https:\/\/www.clarin.com\/mundo\/vaticano-estreno-leo-from-chicago-documental-origenes-papa-estados-unidos_0_ofjEK4UnlO.html\" target=\"_blank\" class=\"feedzy-rss-link-icon\">Read More<\/a><\/p>","protected":false},"excerpt":{"rendered":"<p>Es un documental en YouTube que recorre la historia, las ra\u00edces familiares y la vocaci\u00f3n&#8230;<\/p>\n","protected":false},"author":1,"featured_media":0,"comment_status":"open","ping_status":"open","sticky":false,"template":"","format":"standard","meta":{"footnotes":""},"categories":[4],"tags":[],"class_list":["post-49273","post","type-post","status-publish","format-standard","has-post-thumbnail","hentry","category-internacionales"],"_links":{"self":[{"href":"https:\/\/masquenoticiastucuman.com.ar\/index.php?rest_route=\/wp\/v2\/posts\/49273","targetHints":{"allow":["GET"]}}],"collection":[{"href":"https:\/\/masquenoticiastucuman.com.ar\/index.php?rest_route=\/wp\/v2\/posts"}],"about":[{"href":"https:\/\/masquenoticiastucuman.com.ar\/index.php?rest_route=\/wp\/v2\/types\/post"}],"author":[{"embeddable":true,"href":"https:\/\/masquenoticiastucuman.com.ar\/index.php?rest_route=\/wp\/v2\/users\/1"}],"replies":[{"embeddable":true,"href":"https:\/\/masquenoticiastucuman.com.ar\/index.php?rest_route=%2Fwp%2Fv2%2Fcomments&post=49273"}],"version-history":[{"count":0,"href":"https:\/\/masquenoticiastucuman.com.ar\/index.php?rest_route=\/wp\/v2\/posts\/49273\/revisions"}],"wp:attachment":[{"href":"https:\/\/masquenoticiastucuman.com.ar\/index.php?rest_route=%2Fwp%2Fv2%2Fmedia&parent=49273"}],"wp:term":[{"taxonomy":"category","embeddable":true,"href":"https:\/\/masquenoticiastucuman.com.ar\/index.php?rest_route=%2Fwp%2Fv2%2Fcategories&post=49273"},{"taxonomy":"post_tag","embeddable":true,"href":"https:\/\/masquenoticiastucuman.com.ar\/index.php?rest_route=%2Fwp%2Fv2%2Ftags&post=49273"}],"curies":[{"name":"wp","href":"https:\/\/api.w.org\/{rel}","templated":true}]}}