{"id":49281,"date":"2025-11-10T22:24:39","date_gmt":"2025-11-11T01:24:39","guid":{"rendered":"https:\/\/masquenoticiastucuman.com.ar\/?p=49281"},"modified":"2025-11-10T22:24:39","modified_gmt":"2025-11-11T01:24:39","slug":"premios-konex-2025-ira-charly-garcia-a-recibir-el-de-brillante","status":"publish","type":"post","link":"https:\/\/masquenoticiastucuman.com.ar\/?p=49281","title":{"rendered":"Premios Konex 2025: \u00bfIr\u00e1 Charly Garc\u00eda a recibir el de brillante?"},"content":{"rendered":"<ul>\n<li>El m\u00fasico fue elegido como la m\u00e1xima figura de la \u00faltima d\u00e9cada de la m\u00fasica popular argentina.<\/li>\n<li>La ceremonia ser\u00e1 este martes 11 de noviembre en la Ciudad Cultural Konex.<\/li>\n<\/ul>\n<p>\u200bEl m\u00fasico fue elegido como la m\u00e1xima figura de la \u00faltima d\u00e9cada de la m\u00fasica popular argentina.La ceremonia ser\u00e1 este martes 11 de noviembre en la Ciudad Cultural Konex.\u00a0<a href=\"https:\/\/www.clarin.com\/espectaculos\/premios-konex-2025-ira-charly-garcia-recibir-brillante_0_LGaOXFe14q.html\" target=\"_blank\" class=\"feedzy-rss-link-icon\">Read More<\/a><\/p>","protected":false},"excerpt":{"rendered":"<p>El m\u00fasico fue elegido como la m\u00e1xima figura de la \u00faltima d\u00e9cada de la m\u00fasica&#8230;<\/p>\n","protected":false},"author":1,"featured_media":0,"comment_status":"open","ping_status":"open","sticky":false,"template":"","format":"standard","meta":{"footnotes":""},"categories":[5],"tags":[],"class_list":["post-49281","post","type-post","status-publish","format-standard","has-post-thumbnail","hentry","category-espectaculo"],"_links":{"self":[{"href":"https:\/\/masquenoticiastucuman.com.ar\/index.php?rest_route=\/wp\/v2\/posts\/49281","targetHints":{"allow":["GET"]}}],"collection":[{"href":"https:\/\/masquenoticiastucuman.com.ar\/index.php?rest_route=\/wp\/v2\/posts"}],"about":[{"href":"https:\/\/masquenoticiastucuman.com.ar\/index.php?rest_route=\/wp\/v2\/types\/post"}],"author":[{"embeddable":true,"href":"https:\/\/masquenoticiastucuman.com.ar\/index.php?rest_route=\/wp\/v2\/users\/1"}],"replies":[{"embeddable":true,"href":"https:\/\/masquenoticiastucuman.com.ar\/index.php?rest_route=%2Fwp%2Fv2%2Fcomments&post=49281"}],"version-history":[{"count":0,"href":"https:\/\/masquenoticiastucuman.com.ar\/index.php?rest_route=\/wp\/v2\/posts\/49281\/revisions"}],"wp:attachment":[{"href":"https:\/\/masquenoticiastucuman.com.ar\/index.php?rest_route=%2Fwp%2Fv2%2Fmedia&parent=49281"}],"wp:term":[{"taxonomy":"category","embeddable":true,"href":"https:\/\/masquenoticiastucuman.com.ar\/index.php?rest_route=%2Fwp%2Fv2%2Fcategories&post=49281"},{"taxonomy":"post_tag","embeddable":true,"href":"https:\/\/masquenoticiastucuman.com.ar\/index.php?rest_route=%2Fwp%2Fv2%2Ftags&post=49281"}],"curies":[{"name":"wp","href":"https:\/\/api.w.org\/{rel}","templated":true}]}}