{"id":49283,"date":"2025-11-10T23:31:10","date_gmt":"2025-11-11T02:31:10","guid":{"rendered":"http:\/\/masquenoticiastucuman.com.ar\/?p=49283"},"modified":"2025-11-10T23:31:10","modified_gmt":"2025-11-11T02:31:10","slug":"argentina-es-el-mejor-primero-del-mundial-sub-17-todo-lo-que-hay-que-saber-de-la-clasificacion-a-los-16avos-de-final","status":"publish","type":"post","link":"https:\/\/masquenoticiastucuman.com.ar\/?p=49283","title":{"rendered":"Argentina es el mejor primero del Mundial Sub-17: todo lo que hay que saber de la clasificaci\u00f3n a los 16avos de final"},"content":{"rendered":"<ul>\n<li>Este martes se definen todos los clasificados a la siguiente ronda de la Copa del Mundo que se juega en Qatar.<\/li>\n<li>Ac\u00e1, qui\u00e9nes y c\u00f3mo clasifican y el formato de los mata-mata.<\/li>\n<\/ul>\n<p>\u200bEste martes se definen todos los clasificados a la siguiente ronda de la Copa del Mundo que se juega en Qatar.Ac\u00e1, qui\u00e9nes y c\u00f3mo clasifican y el formato de los mata-mata.\u00a0<a href=\"https:\/\/www.clarin.com\/deportes\/argentina-mejor-primero-mundial-sub-17-saber-clasificacion-16avos-final_0_xxHjHIas4R.html\" target=\"_blank\" class=\"feedzy-rss-link-icon\">Read More<\/a><\/p>","protected":false},"excerpt":{"rendered":"<p>Este martes se definen todos los clasificados a la siguiente ronda de la Copa del&#8230;<\/p>\n","protected":false},"author":1,"featured_media":0,"comment_status":"open","ping_status":"open","sticky":false,"template":"","format":"standard","meta":{"footnotes":""},"categories":[6],"tags":[],"class_list":["post-49283","post","type-post","status-publish","format-standard","has-post-thumbnail","hentry","category-deportes"],"_links":{"self":[{"href":"https:\/\/masquenoticiastucuman.com.ar\/index.php?rest_route=\/wp\/v2\/posts\/49283","targetHints":{"allow":["GET"]}}],"collection":[{"href":"https:\/\/masquenoticiastucuman.com.ar\/index.php?rest_route=\/wp\/v2\/posts"}],"about":[{"href":"https:\/\/masquenoticiastucuman.com.ar\/index.php?rest_route=\/wp\/v2\/types\/post"}],"author":[{"embeddable":true,"href":"https:\/\/masquenoticiastucuman.com.ar\/index.php?rest_route=\/wp\/v2\/users\/1"}],"replies":[{"embeddable":true,"href":"https:\/\/masquenoticiastucuman.com.ar\/index.php?rest_route=%2Fwp%2Fv2%2Fcomments&post=49283"}],"version-history":[{"count":0,"href":"https:\/\/masquenoticiastucuman.com.ar\/index.php?rest_route=\/wp\/v2\/posts\/49283\/revisions"}],"wp:attachment":[{"href":"https:\/\/masquenoticiastucuman.com.ar\/index.php?rest_route=%2Fwp%2Fv2%2Fmedia&parent=49283"}],"wp:term":[{"taxonomy":"category","embeddable":true,"href":"https:\/\/masquenoticiastucuman.com.ar\/index.php?rest_route=%2Fwp%2Fv2%2Fcategories&post=49283"},{"taxonomy":"post_tag","embeddable":true,"href":"https:\/\/masquenoticiastucuman.com.ar\/index.php?rest_route=%2Fwp%2Fv2%2Ftags&post=49283"}],"curies":[{"name":"wp","href":"https:\/\/api.w.org\/{rel}","templated":true}]}}