{"id":49294,"date":"2025-11-11T07:02:42","date_gmt":"2025-11-11T10:02:42","guid":{"rendered":"https:\/\/masquenoticiastucuman.com.ar\/?p=49294"},"modified":"2025-11-11T07:02:43","modified_gmt":"2025-11-11T10:02:43","slug":"queremos-consensuar-con-todos-los-sectores-antes-de-avanzar","status":"publish","type":"post","link":"https:\/\/masquenoticiastucuman.com.ar\/?p=49294","title":{"rendered":"\u201cQueremos consensuar con todos los sectores antes de avanzar\u201d"},"content":{"rendered":"\n<p>El Mandatario provincial afirm\u00f3 que la reforma electoral y el debate sobre los acoples se analizar\u00e1n con consenso entre todos los bloques legislativos y sectores pol\u00edticos, y adelant\u00f3 que todav\u00eda espera conocer los avances oficiales antes de emitir su opini\u00f3n.<\/p>\n\n\n\n<p id=\"isPasted\">El gobernador<strong>, Osvaldo Jaldo<\/strong>, se refiri\u00f3 al tratamiento que la Legislatura provincial est\u00e1 dando a la reforma electoral, y en particular al debate sobre los acoples.<\/p>\n\n\n\n<figure class=\"wp-block-image size-large\"><img loading=\"lazy\" decoding=\"async\" width=\"1024\" height=\"682\" src=\"https:\/\/masquenoticiastucuman.com.ar\/wp-content\/uploads\/2025\/11\/251110120113_57282-1024x682.jpeg\" alt=\"\" class=\"wp-image-49299\" srcset=\"https:\/\/masquenoticiastucuman.com.ar\/wp-content\/uploads\/2025\/11\/251110120113_57282-1024x682.jpeg 1024w, https:\/\/masquenoticiastucuman.com.ar\/wp-content\/uploads\/2025\/11\/251110120113_57282-300x200.jpeg 300w, https:\/\/masquenoticiastucuman.com.ar\/wp-content\/uploads\/2025\/11\/251110120113_57282-768x512.jpeg 768w, https:\/\/masquenoticiastucuman.com.ar\/wp-content\/uploads\/2025\/11\/251110120113_57282.jpeg 1280w\" sizes=\"auto, (max-width: 1024px) 100vw, 1024px\" \/><\/figure>\n\n\n\n<blockquote class=\"wp-block-quote is-layout-flow wp-block-quote-is-layout-flow\">\n<p>\u201cVengo conversando con el vicegobernador,&nbsp;<strong>Miguel Acevedo,&nbsp;<\/strong>pero este tema se lo ha dejado para despu\u00e9s de las elecciones del 26 y para todo el a\u00f1o que viene. Si la Legislatura avanza, seguramente lo vamos a conversar antes\u201d, asegur\u00f3 el mandatario.<\/p>\n<\/blockquote>\n\n\n\n<p>Jaldo se\u00f1al\u00f3 que a\u00fan desconoce si existe un borrador definitivo o si alguna comisi\u00f3n legislativa ha avanzado en un dictamen, pero dej\u00f3 en claro que su postura apunta al consenso: \u201cLo que salga de la Legislatura lo queremos consensuar con todos los integrantes de nuestro bloque, con los espacios pol\u00edticos de la oposici\u00f3n con representaci\u00f3n legislativa y, por supuesto, este Gobernador tambi\u00e9n va a opinar\u201d.<\/p>\n\n\n\n<p>El Gobernador concluy\u00f3 que espera ser informado oficialmente sobre el avance de la reforma y el contenido de los proyectos en tiempo y forma.<\/p>\n","protected":false},"excerpt":{"rendered":"<p>El Mandatario provincial afirm\u00f3 que la reforma electoral y el debate sobre los acoples se&#8230;<\/p>\n","protected":false},"author":2,"featured_media":49300,"comment_status":"open","ping_status":"open","sticky":false,"template":"","format":"standard","meta":{"footnotes":""},"categories":[2],"tags":[],"class_list":["post-49294","post","type-post","status-publish","format-standard","has-post-thumbnail","hentry","category-locales"],"_links":{"self":[{"href":"https:\/\/masquenoticiastucuman.com.ar\/index.php?rest_route=\/wp\/v2\/posts\/49294","targetHints":{"allow":["GET"]}}],"collection":[{"href":"https:\/\/masquenoticiastucuman.com.ar\/index.php?rest_route=\/wp\/v2\/posts"}],"about":[{"href":"https:\/\/masquenoticiastucuman.com.ar\/index.php?rest_route=\/wp\/v2\/types\/post"}],"author":[{"embeddable":true,"href":"https:\/\/masquenoticiastucuman.com.ar\/index.php?rest_route=\/wp\/v2\/users\/2"}],"replies":[{"embeddable":true,"href":"https:\/\/masquenoticiastucuman.com.ar\/index.php?rest_route=%2Fwp%2Fv2%2Fcomments&post=49294"}],"version-history":[{"count":1,"href":"https:\/\/masquenoticiastucuman.com.ar\/index.php?rest_route=\/wp\/v2\/posts\/49294\/revisions"}],"predecessor-version":[{"id":49301,"href":"https:\/\/masquenoticiastucuman.com.ar\/index.php?rest_route=\/wp\/v2\/posts\/49294\/revisions\/49301"}],"wp:featuredmedia":[{"embeddable":true,"href":"https:\/\/masquenoticiastucuman.com.ar\/index.php?rest_route=\/wp\/v2\/media\/49300"}],"wp:attachment":[{"href":"https:\/\/masquenoticiastucuman.com.ar\/index.php?rest_route=%2Fwp%2Fv2%2Fmedia&parent=49294"}],"wp:term":[{"taxonomy":"category","embeddable":true,"href":"https:\/\/masquenoticiastucuman.com.ar\/index.php?rest_route=%2Fwp%2Fv2%2Fcategories&post=49294"},{"taxonomy":"post_tag","embeddable":true,"href":"https:\/\/masquenoticiastucuman.com.ar\/index.php?rest_route=%2Fwp%2Fv2%2Ftags&post=49294"}],"curies":[{"name":"wp","href":"https:\/\/api.w.org\/{rel}","templated":true}]}}