{"id":49302,"date":"2025-11-11T07:04:21","date_gmt":"2025-11-11T10:04:21","guid":{"rendered":"https:\/\/masquenoticiastucuman.com.ar\/?p=49302"},"modified":"2025-11-11T07:04:21","modified_gmt":"2025-11-11T10:04:21","slug":"alarma-en-el-peronismo-por-las-negociaciones-de-la-casa-rosada-con-los-gobernadores-se-parten-los-bloques-de-union-por-la-patria","status":"publish","type":"post","link":"https:\/\/masquenoticiastucuman.com.ar\/?p=49302","title":{"rendered":"Alarma en el peronismo por las negociaciones de la Casa Rosada con los gobernadores: \u00bfse parten los bloques de Uni\u00f3n por la Patria?"},"content":{"rendered":"<ul>\n<li>La nueva etapa de conversaciones luego de la elecci\u00f3n encendi\u00f3 las alertas en el peronismo.<\/li>\n<li>Santilli ya se reuni\u00f3 con Jalil y buscar\u00e1 seducir a Ziliotto, Zamora, Jaldo y S\u00e1enz. La pelea por la primera minor\u00eda en Diputados. <\/li>\n<\/ul>\n<p>\u200bLa nueva etapa de conversaciones luego de la elecci\u00f3n encendi\u00f3 las alertas en el peronismo.Santilli ya se reuni\u00f3 con Jalil y buscar\u00e1 seducir a Ziliotto, Zamora, Jaldo y S\u00e1enz. La pelea por la primera minor\u00eda en Diputados.\u00a0<a href=\"https:\/\/www.clarin.com\/politica\/alarma-peronismo-negociaciones-casa-rosada-gobernadores-parten-bloques-union-patria_0_4k0Y2Ftx9L.html\" target=\"_blank\" class=\"feedzy-rss-link-icon\">Read More<\/a><\/p>","protected":false},"excerpt":{"rendered":"<p>La nueva etapa de conversaciones luego de la elecci\u00f3n encendi\u00f3 las alertas en el peronismo&#8230;.<\/p>\n","protected":false},"author":1,"featured_media":0,"comment_status":"open","ping_status":"open","sticky":false,"template":"","format":"standard","meta":{"footnotes":""},"categories":[1],"tags":[],"class_list":["post-49302","post","type-post","status-publish","format-standard","has-post-thumbnail","hentry","category-uncategorized"],"_links":{"self":[{"href":"https:\/\/masquenoticiastucuman.com.ar\/index.php?rest_route=\/wp\/v2\/posts\/49302","targetHints":{"allow":["GET"]}}],"collection":[{"href":"https:\/\/masquenoticiastucuman.com.ar\/index.php?rest_route=\/wp\/v2\/posts"}],"about":[{"href":"https:\/\/masquenoticiastucuman.com.ar\/index.php?rest_route=\/wp\/v2\/types\/post"}],"author":[{"embeddable":true,"href":"https:\/\/masquenoticiastucuman.com.ar\/index.php?rest_route=\/wp\/v2\/users\/1"}],"replies":[{"embeddable":true,"href":"https:\/\/masquenoticiastucuman.com.ar\/index.php?rest_route=%2Fwp%2Fv2%2Fcomments&post=49302"}],"version-history":[{"count":0,"href":"https:\/\/masquenoticiastucuman.com.ar\/index.php?rest_route=\/wp\/v2\/posts\/49302\/revisions"}],"wp:attachment":[{"href":"https:\/\/masquenoticiastucuman.com.ar\/index.php?rest_route=%2Fwp%2Fv2%2Fmedia&parent=49302"}],"wp:term":[{"taxonomy":"category","embeddable":true,"href":"https:\/\/masquenoticiastucuman.com.ar\/index.php?rest_route=%2Fwp%2Fv2%2Fcategories&post=49302"},{"taxonomy":"post_tag","embeddable":true,"href":"https:\/\/masquenoticiastucuman.com.ar\/index.php?rest_route=%2Fwp%2Fv2%2Ftags&post=49302"}],"curies":[{"name":"wp","href":"https:\/\/api.w.org\/{rel}","templated":true}]}}