{"id":49303,"date":"2025-11-11T07:04:21","date_gmt":"2025-11-11T10:04:21","guid":{"rendered":"https:\/\/masquenoticiastucuman.com.ar\/?p=49303"},"modified":"2025-11-11T07:04:21","modified_gmt":"2025-11-11T10:04:21","slug":"el-gobierno-elimino-la-secretaria-de-medios-y-transfirio-sus-funciones-a-la-jefatura-de-gabinete","status":"publish","type":"post","link":"https:\/\/masquenoticiastucuman.com.ar\/?p=49303","title":{"rendered":"El Gobierno elimin\u00f3 la Secretar\u00eda de Medios y transfiri\u00f3 sus funciones a la Jefatura de Gabinete"},"content":{"rendered":"<ul>\n<li>La decisi\u00f3n qued\u00f3 ratificada con un decreto publicado en el Bolet\u00edn Oficial. <\/li>\n<li>Hab\u00eda sido anticipada a principios de este mes por el exresponsable de esa \u00e1rea y flamante ministro coordinador, Manuel Adorni.<\/li>\n<li>El Ejecutivo llev\u00f3 a cabo otras modificaciones en la Ley de Ministerios en materia de turismo y pol\u00edticas inmigratorias.<\/li>\n<\/ul>\n<p>\u200bLa decisi\u00f3n qued\u00f3 ratificada con un decreto publicado en el Bolet\u00edn Oficial. Hab\u00eda sido anticipada a principios de este mes por el exresponsable de esa \u00e1rea y flamante ministro coordinador, Manuel Adorni.El Ejecutivo llev\u00f3 a cabo otras modificaciones en la Ley de Ministerios en materia de turismo y pol\u00edticas inmigratorias.\u00a0<a href=\"https:\/\/www.clarin.com\/politica\/gobierno-elimino-secretaria-medios-transfirio-funciones-jefatura-gabinete_0_kK7iGPi0cl.html\" target=\"_blank\" class=\"feedzy-rss-link-icon\">Read More<\/a><\/p>","protected":false},"excerpt":{"rendered":"<p>La decisi\u00f3n qued\u00f3 ratificada con un decreto publicado en el Bolet\u00edn Oficial. Hab\u00eda sido anticipada&#8230;<\/p>\n","protected":false},"author":1,"featured_media":0,"comment_status":"open","ping_status":"open","sticky":false,"template":"","format":"standard","meta":{"footnotes":""},"categories":[1],"tags":[],"class_list":["post-49303","post","type-post","status-publish","format-standard","has-post-thumbnail","hentry","category-uncategorized"],"_links":{"self":[{"href":"https:\/\/masquenoticiastucuman.com.ar\/index.php?rest_route=\/wp\/v2\/posts\/49303","targetHints":{"allow":["GET"]}}],"collection":[{"href":"https:\/\/masquenoticiastucuman.com.ar\/index.php?rest_route=\/wp\/v2\/posts"}],"about":[{"href":"https:\/\/masquenoticiastucuman.com.ar\/index.php?rest_route=\/wp\/v2\/types\/post"}],"author":[{"embeddable":true,"href":"https:\/\/masquenoticiastucuman.com.ar\/index.php?rest_route=\/wp\/v2\/users\/1"}],"replies":[{"embeddable":true,"href":"https:\/\/masquenoticiastucuman.com.ar\/index.php?rest_route=%2Fwp%2Fv2%2Fcomments&post=49303"}],"version-history":[{"count":0,"href":"https:\/\/masquenoticiastucuman.com.ar\/index.php?rest_route=\/wp\/v2\/posts\/49303\/revisions"}],"wp:attachment":[{"href":"https:\/\/masquenoticiastucuman.com.ar\/index.php?rest_route=%2Fwp%2Fv2%2Fmedia&parent=49303"}],"wp:term":[{"taxonomy":"category","embeddable":true,"href":"https:\/\/masquenoticiastucuman.com.ar\/index.php?rest_route=%2Fwp%2Fv2%2Fcategories&post=49303"},{"taxonomy":"post_tag","embeddable":true,"href":"https:\/\/masquenoticiastucuman.com.ar\/index.php?rest_route=%2Fwp%2Fv2%2Ftags&post=49303"}],"curies":[{"name":"wp","href":"https:\/\/api.w.org\/{rel}","templated":true}]}}