{"id":49307,"date":"2025-11-11T07:04:22","date_gmt":"2025-11-11T10:04:22","guid":{"rendered":"https:\/\/masquenoticiastucuman.com.ar\/?p=49307"},"modified":"2025-11-11T07:04:22","modified_gmt":"2025-11-11T10:04:22","slug":"la-corte-activo-una-causa-contra-la-reforma-constitucional-que-le-permite-a-gildo-insfran-volver-a-ser-gobernador-de-formosa","status":"publish","type":"post","link":"https:\/\/masquenoticiastucuman.com.ar\/?p=49307","title":{"rendered":"La Corte activ\u00f3 una causa contra la reforma constitucional que le permite a Gildo Insfr\u00e1n volver a ser gobernador de Formosa"},"content":{"rendered":"<ul>\n<li>La oposici\u00f3n objet\u00f3 la clausula del nuevo texto que le permite a Insfr\u00e1n presentarse en 2027 cuando el m\u00e1ximo tribunal declar\u00f3 la inconstitucionalidad de la reelecci\u00f3n indefinida en Formosa. <\/li>\n<li>La Corte tom\u00f3 el planteo y le pidi\u00f3 opini\u00f3n a la Procuraci\u00f3n General de la Naci\u00f3n.<\/li>\n<\/ul>\n<p>\u200bLa oposici\u00f3n objet\u00f3 la clausula del nuevo texto que le permite a Insfr\u00e1n presentarse en 2027 cuando el m\u00e1ximo tribunal declar\u00f3 la inconstitucionalidad de la reelecci\u00f3n indefinida en Formosa. La Corte tom\u00f3 el planteo y le pidi\u00f3 opini\u00f3n a la Procuraci\u00f3n General de la Naci\u00f3n.\u00a0<a href=\"https:\/\/www.clarin.com\/politica\/corte-activo-causa-reforma-constitucional-permite-gildo-insfran-volver-gobernador-formosa_0_U1776zVqVK.html\" target=\"_blank\" class=\"feedzy-rss-link-icon\">Read More<\/a><\/p>","protected":false},"excerpt":{"rendered":"<p>La oposici\u00f3n objet\u00f3 la clausula del nuevo texto que le permite a Insfr\u00e1n presentarse en&#8230;<\/p>\n","protected":false},"author":1,"featured_media":0,"comment_status":"open","ping_status":"open","sticky":false,"template":"","format":"standard","meta":{"footnotes":""},"categories":[1],"tags":[],"class_list":["post-49307","post","type-post","status-publish","format-standard","has-post-thumbnail","hentry","category-uncategorized"],"_links":{"self":[{"href":"https:\/\/masquenoticiastucuman.com.ar\/index.php?rest_route=\/wp\/v2\/posts\/49307","targetHints":{"allow":["GET"]}}],"collection":[{"href":"https:\/\/masquenoticiastucuman.com.ar\/index.php?rest_route=\/wp\/v2\/posts"}],"about":[{"href":"https:\/\/masquenoticiastucuman.com.ar\/index.php?rest_route=\/wp\/v2\/types\/post"}],"author":[{"embeddable":true,"href":"https:\/\/masquenoticiastucuman.com.ar\/index.php?rest_route=\/wp\/v2\/users\/1"}],"replies":[{"embeddable":true,"href":"https:\/\/masquenoticiastucuman.com.ar\/index.php?rest_route=%2Fwp%2Fv2%2Fcomments&post=49307"}],"version-history":[{"count":0,"href":"https:\/\/masquenoticiastucuman.com.ar\/index.php?rest_route=\/wp\/v2\/posts\/49307\/revisions"}],"wp:attachment":[{"href":"https:\/\/masquenoticiastucuman.com.ar\/index.php?rest_route=%2Fwp%2Fv2%2Fmedia&parent=49307"}],"wp:term":[{"taxonomy":"category","embeddable":true,"href":"https:\/\/masquenoticiastucuman.com.ar\/index.php?rest_route=%2Fwp%2Fv2%2Fcategories&post=49307"},{"taxonomy":"post_tag","embeddable":true,"href":"https:\/\/masquenoticiastucuman.com.ar\/index.php?rest_route=%2Fwp%2Fv2%2Ftags&post=49307"}],"curies":[{"name":"wp","href":"https:\/\/api.w.org\/{rel}","templated":true}]}}