{"id":49351,"date":"2025-11-11T07:19:00","date_gmt":"2025-11-11T10:19:00","guid":{"rendered":"http:\/\/masquenoticiastucuman.com.ar\/?p=49351"},"modified":"2025-11-11T07:19:00","modified_gmt":"2025-11-11T10:19:00","slug":"un-hito-historico-en-la-computacion-se-vislumbra-para-2029","status":"publish","type":"post","link":"https:\/\/masquenoticiastucuman.com.ar\/?p=49351","title":{"rendered":"Un hito hist\u00f3rico en la computaci\u00f3n se vislumbra para 2029"},"content":{"rendered":"<p>Este avance es un verdadero punto de inflexi\u00f3n en la historia de la computaci\u00f3n, llevando la tecnolog\u00eda de la promesa te\u00f3rica a la aplicaci\u00f3n industrial.<\/p>\n<p>                                                                <!-- Begin comScore Tag --><\/p>\n<p>                                    <img decoding=\"async\" src=\"https:\/\/sb.scorecardresearch.com\/p?c1=2&amp;c2=16597048&amp;cv=3.6.0&amp;cj=1\" \/><\/p>\n<p>                                <!-- End comScore Tag --><\/p>\n<p>                            \u200bEste avance es un verdadero punto de inflexi\u00f3n en la historia de la computaci\u00f3n, llevando la tecnolog\u00eda de la promesa te\u00f3rica a la aplicaci\u00f3n industrial.\u00a0<a href=\"https:\/\/www.iprofesional.com\/tecnologia\/441525-del-laboratorio-a-la-industria-la-computacion-cuantica-toma-protagonismo\" target=\"_blank\" class=\"feedzy-rss-link-icon\">Read More<\/a><\/p>","protected":false},"excerpt":{"rendered":"<p>Este avance es un verdadero punto de inflexi\u00f3n en la historia de la computaci\u00f3n, llevando&#8230;<\/p>\n","protected":false},"author":1,"featured_media":0,"comment_status":"open","ping_status":"open","sticky":false,"template":"","format":"standard","meta":{"footnotes":""},"categories":[8],"tags":[],"class_list":["post-49351","post","type-post","status-publish","format-standard","has-post-thumbnail","hentry","category-tecnologia"],"_links":{"self":[{"href":"https:\/\/masquenoticiastucuman.com.ar\/index.php?rest_route=\/wp\/v2\/posts\/49351","targetHints":{"allow":["GET"]}}],"collection":[{"href":"https:\/\/masquenoticiastucuman.com.ar\/index.php?rest_route=\/wp\/v2\/posts"}],"about":[{"href":"https:\/\/masquenoticiastucuman.com.ar\/index.php?rest_route=\/wp\/v2\/types\/post"}],"author":[{"embeddable":true,"href":"https:\/\/masquenoticiastucuman.com.ar\/index.php?rest_route=\/wp\/v2\/users\/1"}],"replies":[{"embeddable":true,"href":"https:\/\/masquenoticiastucuman.com.ar\/index.php?rest_route=%2Fwp%2Fv2%2Fcomments&post=49351"}],"version-history":[{"count":0,"href":"https:\/\/masquenoticiastucuman.com.ar\/index.php?rest_route=\/wp\/v2\/posts\/49351\/revisions"}],"wp:attachment":[{"href":"https:\/\/masquenoticiastucuman.com.ar\/index.php?rest_route=%2Fwp%2Fv2%2Fmedia&parent=49351"}],"wp:term":[{"taxonomy":"category","embeddable":true,"href":"https:\/\/masquenoticiastucuman.com.ar\/index.php?rest_route=%2Fwp%2Fv2%2Fcategories&post=49351"},{"taxonomy":"post_tag","embeddable":true,"href":"https:\/\/masquenoticiastucuman.com.ar\/index.php?rest_route=%2Fwp%2Fv2%2Ftags&post=49351"}],"curies":[{"name":"wp","href":"https:\/\/api.w.org\/{rel}","templated":true}]}}