{"id":49352,"date":"2025-11-11T08:02:51","date_gmt":"2025-11-11T11:02:51","guid":{"rendered":"http:\/\/masquenoticiastucuman.com.ar\/?p=49352"},"modified":"2025-11-11T08:02:51","modified_gmt":"2025-11-11T11:02:51","slug":"atentado-suicida-en-pakistan-al-menos-12-muertos-por-una-explosion-frente-a-los-tribunales-de-islamabad","status":"publish","type":"post","link":"https:\/\/masquenoticiastucuman.com.ar\/?p=49352","title":{"rendered":"Atentado suicida en Pakist\u00e1n: al menos 12 muertos por una explosi\u00f3n frente a los tribunales de Islamabad"},"content":{"rendered":"<ul>\n<li>Las autoridades dicen que el atacante quer\u00eda ingresar a los tribunales, pero al no poder hacerlo apunt\u00f3 contra veh\u00edculo policial.<\/li>\n<li>Ayer la explosi\u00f3n de un coche bomba provoc\u00f3 ocho muertes en India.<\/li>\n<\/ul>\n<p>\u200bLas autoridades dicen que el atacante quer\u00eda ingresar a los tribunales, pero al no poder hacerlo apunt\u00f3 contra veh\u00edculo policial.Ayer la explosi\u00f3n de un coche bomba provoc\u00f3 ocho muertes en India.\u00a0<a href=\"https:\/\/www.clarin.com\/mundo\/atentado-suicida-pakistan-12-muertos-explosion-frente-tribunales-islamabad_0_vSmJZDyfYL.html\" target=\"_blank\" class=\"feedzy-rss-link-icon\">Read More<\/a><\/p>","protected":false},"excerpt":{"rendered":"<p>Las autoridades dicen que el atacante quer\u00eda ingresar a los tribunales, pero al no poder&#8230;<\/p>\n","protected":false},"author":1,"featured_media":49353,"comment_status":"open","ping_status":"open","sticky":false,"template":"","format":"standard","meta":{"footnotes":""},"categories":[4],"tags":[],"class_list":["post-49352","post","type-post","status-publish","format-standard","has-post-thumbnail","hentry","category-internacionales"],"_links":{"self":[{"href":"https:\/\/masquenoticiastucuman.com.ar\/index.php?rest_route=\/wp\/v2\/posts\/49352","targetHints":{"allow":["GET"]}}],"collection":[{"href":"https:\/\/masquenoticiastucuman.com.ar\/index.php?rest_route=\/wp\/v2\/posts"}],"about":[{"href":"https:\/\/masquenoticiastucuman.com.ar\/index.php?rest_route=\/wp\/v2\/types\/post"}],"author":[{"embeddable":true,"href":"https:\/\/masquenoticiastucuman.com.ar\/index.php?rest_route=\/wp\/v2\/users\/1"}],"replies":[{"embeddable":true,"href":"https:\/\/masquenoticiastucuman.com.ar\/index.php?rest_route=%2Fwp%2Fv2%2Fcomments&post=49352"}],"version-history":[{"count":0,"href":"https:\/\/masquenoticiastucuman.com.ar\/index.php?rest_route=\/wp\/v2\/posts\/49352\/revisions"}],"wp:featuredmedia":[{"embeddable":true,"href":"https:\/\/masquenoticiastucuman.com.ar\/index.php?rest_route=\/wp\/v2\/media\/49353"}],"wp:attachment":[{"href":"https:\/\/masquenoticiastucuman.com.ar\/index.php?rest_route=%2Fwp%2Fv2%2Fmedia&parent=49352"}],"wp:term":[{"taxonomy":"category","embeddable":true,"href":"https:\/\/masquenoticiastucuman.com.ar\/index.php?rest_route=%2Fwp%2Fv2%2Fcategories&post=49352"},{"taxonomy":"post_tag","embeddable":true,"href":"https:\/\/masquenoticiastucuman.com.ar\/index.php?rest_route=%2Fwp%2Fv2%2Ftags&post=49352"}],"curies":[{"name":"wp","href":"https:\/\/api.w.org\/{rel}","templated":true}]}}