{"id":49354,"date":"2025-11-10T21:49:31","date_gmt":"2025-11-11T00:49:31","guid":{"rendered":"http:\/\/masquenoticiastucuman.com.ar\/?p=49354"},"modified":"2025-11-10T21:49:31","modified_gmt":"2025-11-11T00:49:31","slug":"dos-bandas-narco-una-venganza-brutal-y-el-traslado-a-una-prision-estilo-bukele-como-fue-la-masacre-con-31-muertos-en-una-carcel-de-ecuador","status":"publish","type":"post","link":"https:\/\/masquenoticiastucuman.com.ar\/?p=49354","title":{"rendered":"Dos bandas narco, una venganza brutal y el traslado a una prisi\u00f3n estilo Bukele: c\u00f3mo fue la masacre con 31 muertos en una c\u00e1rcel de Ecuador"},"content":{"rendered":"<ul>\n<li>Ocurri\u00f3 el domingo en la c\u00e1rcel de Machala, cuando los presos se enteraron de la inminente mudanza a un penal de estricta seguridad.<\/li>\n<li>Los enfrentamientos entre Los Lobos y los Sao Box buscaron &#8220;crear caos&#8221;, denunci\u00f3 el Gobierno de Daniel Noboa.<\/li>\n<li>El mensaje del presidente, en licencia por las elecciones.<\/li>\n<\/ul>\n<p>\u200bOcurri\u00f3 el domingo en la c\u00e1rcel de Machala, cuando los presos se enteraron de la inminente mudanza a un penal de estricta seguridad.Los enfrentamientos entre Los Lobos y los Sao Box buscaron &#8220;crear caos&#8221;, denunci\u00f3 el Gobierno de Daniel Noboa.El mensaje del presidente, en licencia por las elecciones.\u00a0<a href=\"https:\/\/www.clarin.com\/mundo\/bandas-narco-venganza-brutal-traslado-prision-estilo-bukele-masacre-31-muertos-carcel-ecuador_0_O2zNTZugp6.html\" target=\"_blank\" class=\"feedzy-rss-link-icon\">Read More<\/a><\/p>","protected":false},"excerpt":{"rendered":"<p>Ocurri\u00f3 el domingo en la c\u00e1rcel de Machala, cuando los presos se enteraron de la&#8230;<\/p>\n","protected":false},"author":1,"featured_media":49314,"comment_status":"open","ping_status":"open","sticky":false,"template":"","format":"standard","meta":{"footnotes":""},"categories":[4],"tags":[],"class_list":["post-49354","post","type-post","status-publish","format-standard","has-post-thumbnail","hentry","category-internacionales"],"_links":{"self":[{"href":"https:\/\/masquenoticiastucuman.com.ar\/index.php?rest_route=\/wp\/v2\/posts\/49354","targetHints":{"allow":["GET"]}}],"collection":[{"href":"https:\/\/masquenoticiastucuman.com.ar\/index.php?rest_route=\/wp\/v2\/posts"}],"about":[{"href":"https:\/\/masquenoticiastucuman.com.ar\/index.php?rest_route=\/wp\/v2\/types\/post"}],"author":[{"embeddable":true,"href":"https:\/\/masquenoticiastucuman.com.ar\/index.php?rest_route=\/wp\/v2\/users\/1"}],"replies":[{"embeddable":true,"href":"https:\/\/masquenoticiastucuman.com.ar\/index.php?rest_route=%2Fwp%2Fv2%2Fcomments&post=49354"}],"version-history":[{"count":0,"href":"https:\/\/masquenoticiastucuman.com.ar\/index.php?rest_route=\/wp\/v2\/posts\/49354\/revisions"}],"wp:featuredmedia":[{"embeddable":true,"href":"https:\/\/masquenoticiastucuman.com.ar\/index.php?rest_route=\/wp\/v2\/media\/49314"}],"wp:attachment":[{"href":"https:\/\/masquenoticiastucuman.com.ar\/index.php?rest_route=%2Fwp%2Fv2%2Fmedia&parent=49354"}],"wp:term":[{"taxonomy":"category","embeddable":true,"href":"https:\/\/masquenoticiastucuman.com.ar\/index.php?rest_route=%2Fwp%2Fv2%2Fcategories&post=49354"},{"taxonomy":"post_tag","embeddable":true,"href":"https:\/\/masquenoticiastucuman.com.ar\/index.php?rest_route=%2Fwp%2Fv2%2Ftags&post=49354"}],"curies":[{"name":"wp","href":"https:\/\/api.w.org\/{rel}","templated":true}]}}