{"id":49360,"date":"2025-11-11T07:33:31","date_gmt":"2025-11-11T10:33:31","guid":{"rendered":"http:\/\/masquenoticiastucuman.com.ar\/?p=49360"},"modified":"2025-11-11T07:33:31","modified_gmt":"2025-11-11T10:33:31","slug":"empleadas-domesticas-como-quedan-la-hora-y-el-mes-tras-el-aumento-de-14-para-noviembre","status":"publish","type":"post","link":"https:\/\/masquenoticiastucuman.com.ar\/?p=49360","title":{"rendered":"Empleadas dom\u00e9sticas: c\u00f3mo quedan la hora y el mes tras el aumento de 1,4% para noviembre"},"content":{"rendered":"<ul>\n<li>Adem\u00e1s, a tener en cuenta en noviembre aquellas trabajadoras que superen las 16 horas semanales deber\u00e1n recibir $ 14.000 de bono.<\/li>\n<li>El viernes pasado, la Comisi\u00f3n Nacional de Trabajo en Casas Particulares sell\u00f3 un nuevo aumento de 2,7% total.<\/li>\n<li>Restar\u00eda para diciembre una suba de 1,3%.<\/li>\n<\/ul>\n<p>\u200bAdem\u00e1s, a tener en cuenta en noviembre aquellas trabajadoras que superen las 16 horas semanales deber\u00e1n recibir $ 14.000 de bono.El viernes pasado, la Comisi\u00f3n Nacional de Trabajo en Casas Particulares sell\u00f3 un nuevo aumento de 2,7% total.Restar\u00eda para diciembre una suba de 1,3%.\u00a0<a href=\"https:\/\/www.clarin.com\/economia\/empleadas-domesticas-quedan-hora-mes-aumento-14-noviembre_0_w9PfEYCHtK.html\" target=\"_blank\" class=\"feedzy-rss-link-icon\">Read More<\/a><\/p>","protected":false},"excerpt":{"rendered":"<p>Adem\u00e1s, a tener en cuenta en noviembre aquellas trabajadoras que superen las 16 horas semanales&#8230;<\/p>\n","protected":false},"author":1,"featured_media":0,"comment_status":"open","ping_status":"open","sticky":false,"template":"","format":"standard","meta":{"footnotes":""},"categories":[3],"tags":[],"class_list":["post-49360","post","type-post","status-publish","format-standard","has-post-thumbnail","hentry","category-nacionales"],"_links":{"self":[{"href":"https:\/\/masquenoticiastucuman.com.ar\/index.php?rest_route=\/wp\/v2\/posts\/49360","targetHints":{"allow":["GET"]}}],"collection":[{"href":"https:\/\/masquenoticiastucuman.com.ar\/index.php?rest_route=\/wp\/v2\/posts"}],"about":[{"href":"https:\/\/masquenoticiastucuman.com.ar\/index.php?rest_route=\/wp\/v2\/types\/post"}],"author":[{"embeddable":true,"href":"https:\/\/masquenoticiastucuman.com.ar\/index.php?rest_route=\/wp\/v2\/users\/1"}],"replies":[{"embeddable":true,"href":"https:\/\/masquenoticiastucuman.com.ar\/index.php?rest_route=%2Fwp%2Fv2%2Fcomments&post=49360"}],"version-history":[{"count":0,"href":"https:\/\/masquenoticiastucuman.com.ar\/index.php?rest_route=\/wp\/v2\/posts\/49360\/revisions"}],"wp:attachment":[{"href":"https:\/\/masquenoticiastucuman.com.ar\/index.php?rest_route=%2Fwp%2Fv2%2Fmedia&parent=49360"}],"wp:term":[{"taxonomy":"category","embeddable":true,"href":"https:\/\/masquenoticiastucuman.com.ar\/index.php?rest_route=%2Fwp%2Fv2%2Fcategories&post=49360"},{"taxonomy":"post_tag","embeddable":true,"href":"https:\/\/masquenoticiastucuman.com.ar\/index.php?rest_route=%2Fwp%2Fv2%2Ftags&post=49360"}],"curies":[{"name":"wp","href":"https:\/\/api.w.org\/{rel}","templated":true}]}}