{"id":49361,"date":"2025-11-11T09:10:59","date_gmt":"2025-11-11T12:10:59","guid":{"rendered":"http:\/\/masquenoticiastucuman.com.ar\/?p=49361"},"modified":"2025-11-11T09:10:59","modified_gmt":"2025-11-11T12:10:59","slug":"por-que-todo-el-mundo-quiere-conocer-al-hombre-mas-aburrido-del-mundo","status":"publish","type":"post","link":"https:\/\/masquenoticiastucuman.com.ar\/?p=49361","title":{"rendered":"\u00bfPor qu\u00e9 todo el mundo quiere conocer al &#8220;hombre m\u00e1s aburrido del mundo&#8221;?"},"content":{"rendered":"<ul>\n<li>Los pol\u00edticos, las grandes petroleras y los activistas clim\u00e1ticos prestan atenci\u00f3n a cada una de sus palabras. <\/li>\n<li>La administraci\u00f3n Trump lo ha criticado duramente. \u00bfC\u00f3mo lleg\u00f3 Fatih Birol a ser tan importante?<\/li>\n<\/ul>\n<p>\u200bLos pol\u00edticos, las grandes petroleras y los activistas clim\u00e1ticos prestan atenci\u00f3n a cada una de sus palabras. La administraci\u00f3n Trump lo ha criticado duramente. \u00bfC\u00f3mo lleg\u00f3 Fatih Birol a ser tan importante?\u00a0<a href=\"https:\/\/www.clarin.com\/new-york-times-international-weekly\/mundo-quiere-conocer-hombre-aburrido-mundo_0_XR062FOZHo.html\" target=\"_blank\" class=\"feedzy-rss-link-icon\">Read More<\/a><\/p>","protected":false},"excerpt":{"rendered":"<p>Los pol\u00edticos, las grandes petroleras y los activistas clim\u00e1ticos prestan atenci\u00f3n a cada una de&#8230;<\/p>\n","protected":false},"author":1,"featured_media":49362,"comment_status":"open","ping_status":"open","sticky":false,"template":"","format":"standard","meta":{"footnotes":""},"categories":[4],"tags":[],"class_list":["post-49361","post","type-post","status-publish","format-standard","has-post-thumbnail","hentry","category-internacionales"],"_links":{"self":[{"href":"https:\/\/masquenoticiastucuman.com.ar\/index.php?rest_route=\/wp\/v2\/posts\/49361","targetHints":{"allow":["GET"]}}],"collection":[{"href":"https:\/\/masquenoticiastucuman.com.ar\/index.php?rest_route=\/wp\/v2\/posts"}],"about":[{"href":"https:\/\/masquenoticiastucuman.com.ar\/index.php?rest_route=\/wp\/v2\/types\/post"}],"author":[{"embeddable":true,"href":"https:\/\/masquenoticiastucuman.com.ar\/index.php?rest_route=\/wp\/v2\/users\/1"}],"replies":[{"embeddable":true,"href":"https:\/\/masquenoticiastucuman.com.ar\/index.php?rest_route=%2Fwp%2Fv2%2Fcomments&post=49361"}],"version-history":[{"count":0,"href":"https:\/\/masquenoticiastucuman.com.ar\/index.php?rest_route=\/wp\/v2\/posts\/49361\/revisions"}],"wp:featuredmedia":[{"embeddable":true,"href":"https:\/\/masquenoticiastucuman.com.ar\/index.php?rest_route=\/wp\/v2\/media\/49362"}],"wp:attachment":[{"href":"https:\/\/masquenoticiastucuman.com.ar\/index.php?rest_route=%2Fwp%2Fv2%2Fmedia&parent=49361"}],"wp:term":[{"taxonomy":"category","embeddable":true,"href":"https:\/\/masquenoticiastucuman.com.ar\/index.php?rest_route=%2Fwp%2Fv2%2Fcategories&post=49361"},{"taxonomy":"post_tag","embeddable":true,"href":"https:\/\/masquenoticiastucuman.com.ar\/index.php?rest_route=%2Fwp%2Fv2%2Ftags&post=49361"}],"curies":[{"name":"wp","href":"https:\/\/api.w.org\/{rel}","templated":true}]}}