{"id":49363,"date":"2025-11-11T08:56:11","date_gmt":"2025-11-11T11:56:11","guid":{"rendered":"http:\/\/masquenoticiastucuman.com.ar\/?p=49363"},"modified":"2025-11-11T08:56:11","modified_gmt":"2025-11-11T11:56:11","slug":"cientos-de-personas-asisten-al-funeral-del-soldado-israeli-hadar-goldin-cuyos-restos-estuvieron-en-gaza-11-anos-netanyahu-no-fue","status":"publish","type":"post","link":"https:\/\/masquenoticiastucuman.com.ar\/?p=49363","title":{"rendered":"Cientos de personas asisten al funeral del soldado israel\u00ed Hadar Goldin, cuyos restos estuvieron en Gaza 11 a\u00f1os: Netanyahu no fue"},"content":{"rendered":"<ul>\n<li>El entierro del joven teniente de 23 a\u00f1os fue un momento de cierre para su familia, que recorri\u00f3 el mundo en una campa\u00f1a p\u00fablica buscando su regreso.<\/li>\n<li>La gran asistencia tambi\u00e9n reflej\u00f3 la importancia del caso para el p\u00fablico en general en Israel.<\/li>\n<\/ul>\n<p>\u200bEl entierro del joven teniente de 23 a\u00f1os fue un momento de cierre para su familia, que recorri\u00f3 el mundo en una campa\u00f1a p\u00fablica buscando su regreso.La gran asistencia tambi\u00e9n reflej\u00f3 la importancia del caso para el p\u00fablico en general en Israel.\u00a0<a href=\"https:\/\/www.clarin.com\/mundo\/cientos-personas-asisten-funeral-soldado-israeli-hadar-goldin-cuyos-restos-gaza-11-anos-netanyahu_0_K38x1uI7Yp.html\" target=\"_blank\" class=\"feedzy-rss-link-icon\">Read More<\/a><\/p>","protected":false},"excerpt":{"rendered":"<p>El entierro del joven teniente de 23 a\u00f1os fue un momento de cierre para su&#8230;<\/p>\n","protected":false},"author":1,"featured_media":49364,"comment_status":"open","ping_status":"open","sticky":false,"template":"","format":"standard","meta":{"footnotes":""},"categories":[4],"tags":[],"class_list":["post-49363","post","type-post","status-publish","format-standard","has-post-thumbnail","hentry","category-internacionales"],"_links":{"self":[{"href":"https:\/\/masquenoticiastucuman.com.ar\/index.php?rest_route=\/wp\/v2\/posts\/49363","targetHints":{"allow":["GET"]}}],"collection":[{"href":"https:\/\/masquenoticiastucuman.com.ar\/index.php?rest_route=\/wp\/v2\/posts"}],"about":[{"href":"https:\/\/masquenoticiastucuman.com.ar\/index.php?rest_route=\/wp\/v2\/types\/post"}],"author":[{"embeddable":true,"href":"https:\/\/masquenoticiastucuman.com.ar\/index.php?rest_route=\/wp\/v2\/users\/1"}],"replies":[{"embeddable":true,"href":"https:\/\/masquenoticiastucuman.com.ar\/index.php?rest_route=%2Fwp%2Fv2%2Fcomments&post=49363"}],"version-history":[{"count":0,"href":"https:\/\/masquenoticiastucuman.com.ar\/index.php?rest_route=\/wp\/v2\/posts\/49363\/revisions"}],"wp:featuredmedia":[{"embeddable":true,"href":"https:\/\/masquenoticiastucuman.com.ar\/index.php?rest_route=\/wp\/v2\/media\/49364"}],"wp:attachment":[{"href":"https:\/\/masquenoticiastucuman.com.ar\/index.php?rest_route=%2Fwp%2Fv2%2Fmedia&parent=49363"}],"wp:term":[{"taxonomy":"category","embeddable":true,"href":"https:\/\/masquenoticiastucuman.com.ar\/index.php?rest_route=%2Fwp%2Fv2%2Fcategories&post=49363"},{"taxonomy":"post_tag","embeddable":true,"href":"https:\/\/masquenoticiastucuman.com.ar\/index.php?rest_route=%2Fwp%2Fv2%2Ftags&post=49363"}],"curies":[{"name":"wp","href":"https:\/\/api.w.org\/{rel}","templated":true}]}}