{"id":49367,"date":"2025-11-11T09:09:01","date_gmt":"2025-11-11T12:09:01","guid":{"rendered":"http:\/\/masquenoticiastucuman.com.ar\/?p=49367"},"modified":"2025-11-11T09:09:01","modified_gmt":"2025-11-11T12:09:01","slug":"lionel-messi-a-corazon-abierto-con-el-diario-sport-no-quiero-ser-una-carga-para-la-seleccion","status":"publish","type":"post","link":"https:\/\/masquenoticiastucuman.com.ar\/?p=49367","title":{"rendered":"Lionel Messi, a coraz\u00f3n abierto con el diario Sport: &#8220;No quiero ser una carga para la Selecci\u00f3n&#8221;"},"content":{"rendered":"<ul>\n<li>El argentino habl\u00f3 con el diario catal\u00e1n en la previa de la gira de la Selecci\u00f3n.<\/li>\n<\/ul>\n<p>\u200bEl argentino habl\u00f3 con el diario catal\u00e1n en la previa de la gira de la Selecci\u00f3n.\u00a0<a href=\"https:\/\/www.clarin.com\/deportes\/lionel-messi-corazon-abierto-diario-sport-quiero-carga-seleccion_0_IN0PjWNVYY.html\" target=\"_blank\" class=\"feedzy-rss-link-icon\">Read More<\/a><\/p>","protected":false},"excerpt":{"rendered":"<p>El argentino habl\u00f3 con el diario catal\u00e1n en la previa de la gira de la&#8230;<\/p>\n","protected":false},"author":1,"featured_media":0,"comment_status":"open","ping_status":"open","sticky":false,"template":"","format":"standard","meta":{"footnotes":""},"categories":[6],"tags":[],"class_list":["post-49367","post","type-post","status-publish","format-standard","has-post-thumbnail","hentry","category-deportes"],"_links":{"self":[{"href":"https:\/\/masquenoticiastucuman.com.ar\/index.php?rest_route=\/wp\/v2\/posts\/49367","targetHints":{"allow":["GET"]}}],"collection":[{"href":"https:\/\/masquenoticiastucuman.com.ar\/index.php?rest_route=\/wp\/v2\/posts"}],"about":[{"href":"https:\/\/masquenoticiastucuman.com.ar\/index.php?rest_route=\/wp\/v2\/types\/post"}],"author":[{"embeddable":true,"href":"https:\/\/masquenoticiastucuman.com.ar\/index.php?rest_route=\/wp\/v2\/users\/1"}],"replies":[{"embeddable":true,"href":"https:\/\/masquenoticiastucuman.com.ar\/index.php?rest_route=%2Fwp%2Fv2%2Fcomments&post=49367"}],"version-history":[{"count":0,"href":"https:\/\/masquenoticiastucuman.com.ar\/index.php?rest_route=\/wp\/v2\/posts\/49367\/revisions"}],"wp:attachment":[{"href":"https:\/\/masquenoticiastucuman.com.ar\/index.php?rest_route=%2Fwp%2Fv2%2Fmedia&parent=49367"}],"wp:term":[{"taxonomy":"category","embeddable":true,"href":"https:\/\/masquenoticiastucuman.com.ar\/index.php?rest_route=%2Fwp%2Fv2%2Fcategories&post=49367"},{"taxonomy":"post_tag","embeddable":true,"href":"https:\/\/masquenoticiastucuman.com.ar\/index.php?rest_route=%2Fwp%2Fv2%2Ftags&post=49367"}],"curies":[{"name":"wp","href":"https:\/\/api.w.org\/{rel}","templated":true}]}}