{"id":49369,"date":"2025-11-11T10:05:54","date_gmt":"2025-11-11T13:05:54","guid":{"rendered":"https:\/\/masquenoticiastucuman.com.ar\/?p=49369"},"modified":"2025-11-11T10:05:55","modified_gmt":"2025-11-11T13:05:55","slug":"el-ente-cultural-realizara-una-nueva-edicion-de-paisajes-literarios-en-bella-vista","status":"publish","type":"post","link":"https:\/\/masquenoticiastucuman.com.ar\/?p=49369","title":{"rendered":"El Ente Cultural realizar\u00e1 una nueva edici\u00f3n de \u00abPaisajes Literarios\u00bb en Bella Vista"},"content":{"rendered":"\n<p>El evento es organizado por el Ente Cultural de Tucum\u00e1n en articulaci\u00f3n con la Municipalidad de Bella Vista, y busca fortalecer el v\u00ednculo entre las comunidades lectoras y el entorno natural que las inspira.<\/p>\n\n\n\n<p id=\"isPasted\">El pr\u00f3ximo viernes 14 de noviembre, de 18 a 22 horas, se llevar\u00e1 adelante en la Casa de la Cultura de Bella Vista (Manuel Garc\u00eda Fern\u00e1ndez 285) una nueva edici\u00f3n de \u201cPaisajes literarios\u201d, un encuentro donde la literatura, el arte y la naturaleza confluyen en un mismo espacio.<\/p>\n\n\n\n<p>Durante la jornada, el p\u00fablico podr\u00e1 disfrutar de un espacio de venta de libros con la participaci\u00f3n de editoriales emergentes e independientes; que incluye la \u201cfiesta de lectura\u201d con autores y autoras publicados por el Fondo Editorial Aconquija, junto a escritores invitados de Bella Vista y m\u00fasica en vivo.<\/p>\n\n\n\n<p>Adem\u00e1s, se realizar\u00e1 la presentaci\u00f3n de \u201cTumi\u00f1iko: corredor de las letras del sur tucumano\u00bb.<\/p>\n\n\n\n<p>La actividad est\u00e1 destinada al p\u00fablico local, a estudiantes de Educaci\u00f3n Secundaria para adultos, alumnado de Educaci\u00f3n Superior, y a escritores y escritoras interesados en aportar a la construcci\u00f3n de una comunidad de lectores y lectoras en la provincia.<\/p>\n","protected":false},"excerpt":{"rendered":"<p>El evento es organizado por el Ente Cultural de Tucum\u00e1n en articulaci\u00f3n con la Municipalidad&#8230;<\/p>\n","protected":false},"author":2,"featured_media":49370,"comment_status":"open","ping_status":"open","sticky":false,"template":"","format":"standard","meta":{"footnotes":""},"categories":[2],"tags":[],"class_list":["post-49369","post","type-post","status-publish","format-standard","has-post-thumbnail","hentry","category-locales"],"_links":{"self":[{"href":"https:\/\/masquenoticiastucuman.com.ar\/index.php?rest_route=\/wp\/v2\/posts\/49369","targetHints":{"allow":["GET"]}}],"collection":[{"href":"https:\/\/masquenoticiastucuman.com.ar\/index.php?rest_route=\/wp\/v2\/posts"}],"about":[{"href":"https:\/\/masquenoticiastucuman.com.ar\/index.php?rest_route=\/wp\/v2\/types\/post"}],"author":[{"embeddable":true,"href":"https:\/\/masquenoticiastucuman.com.ar\/index.php?rest_route=\/wp\/v2\/users\/2"}],"replies":[{"embeddable":true,"href":"https:\/\/masquenoticiastucuman.com.ar\/index.php?rest_route=%2Fwp%2Fv2%2Fcomments&post=49369"}],"version-history":[{"count":1,"href":"https:\/\/masquenoticiastucuman.com.ar\/index.php?rest_route=\/wp\/v2\/posts\/49369\/revisions"}],"predecessor-version":[{"id":49371,"href":"https:\/\/masquenoticiastucuman.com.ar\/index.php?rest_route=\/wp\/v2\/posts\/49369\/revisions\/49371"}],"wp:featuredmedia":[{"embeddable":true,"href":"https:\/\/masquenoticiastucuman.com.ar\/index.php?rest_route=\/wp\/v2\/media\/49370"}],"wp:attachment":[{"href":"https:\/\/masquenoticiastucuman.com.ar\/index.php?rest_route=%2Fwp%2Fv2%2Fmedia&parent=49369"}],"wp:term":[{"taxonomy":"category","embeddable":true,"href":"https:\/\/masquenoticiastucuman.com.ar\/index.php?rest_route=%2Fwp%2Fv2%2Fcategories&post=49369"},{"taxonomy":"post_tag","embeddable":true,"href":"https:\/\/masquenoticiastucuman.com.ar\/index.php?rest_route=%2Fwp%2Fv2%2Ftags&post=49369"}],"curies":[{"name":"wp","href":"https:\/\/api.w.org\/{rel}","templated":true}]}}