{"id":49372,"date":"2025-11-11T10:06:49","date_gmt":"2025-11-11T13:06:49","guid":{"rendered":"http:\/\/masquenoticiastucuman.com.ar\/?p=49372"},"modified":"2025-11-11T10:06:49","modified_gmt":"2025-11-11T13:06:49","slug":"scott-bessent-confirmo-que-el-banco-central-ya-uso-parte-del-swap-y-dijo-que-ee-uu-tuvo-una-ganancia","status":"publish","type":"post","link":"https:\/\/masquenoticiastucuman.com.ar\/?p=49372","title":{"rendered":"Scott Bessent confirm\u00f3 que el Banco Central ya us\u00f3 parte del swap y dijo que &#8220;EE.UU. tuvo una ganancia&#8221;"},"content":{"rendered":"<ul>\n<li>El secretario del Tesoro norteamericano dijo que el Gobierno argentino activ\u00f3 un tramo del acuerdo de intercambio de monedas.<\/li>\n<li>Seg\u00fan estimaciones de mercado, habr\u00eda sido por unos US$ 2.700 millones para devolverle a la Casa Blanca los d\u00f3lares de la intervenci\u00f3n cambiaria preelectoral y para pagarle al FMI.<\/li>\n<\/ul>\n<p>\u200bEl secretario del Tesoro norteamericano dijo que el Gobierno argentino activ\u00f3 un tramo del acuerdo de intercambio de monedas.Seg\u00fan estimaciones de mercado, habr\u00eda sido por unos US$ 2.700 millones para devolverle a la Casa Blanca los d\u00f3lares de la intervenci\u00f3n cambiaria preelectoral y para pagarle al FMI.\u00a0<a href=\"https:\/\/www.clarin.com\/economia\/bessent-confirmo-banco-central-uso-parte-swap-dijo-eeuu-ganancia_0_aO36oDwYzf.html\" target=\"_blank\" class=\"feedzy-rss-link-icon\">Read More<\/a><\/p>","protected":false},"excerpt":{"rendered":"<p>El secretario del Tesoro norteamericano dijo que el Gobierno argentino activ\u00f3 un tramo del acuerdo&#8230;<\/p>\n","protected":false},"author":1,"featured_media":0,"comment_status":"open","ping_status":"open","sticky":false,"template":"","format":"standard","meta":{"footnotes":""},"categories":[3],"tags":[],"class_list":["post-49372","post","type-post","status-publish","format-standard","has-post-thumbnail","hentry","category-nacionales"],"_links":{"self":[{"href":"https:\/\/masquenoticiastucuman.com.ar\/index.php?rest_route=\/wp\/v2\/posts\/49372","targetHints":{"allow":["GET"]}}],"collection":[{"href":"https:\/\/masquenoticiastucuman.com.ar\/index.php?rest_route=\/wp\/v2\/posts"}],"about":[{"href":"https:\/\/masquenoticiastucuman.com.ar\/index.php?rest_route=\/wp\/v2\/types\/post"}],"author":[{"embeddable":true,"href":"https:\/\/masquenoticiastucuman.com.ar\/index.php?rest_route=\/wp\/v2\/users\/1"}],"replies":[{"embeddable":true,"href":"https:\/\/masquenoticiastucuman.com.ar\/index.php?rest_route=%2Fwp%2Fv2%2Fcomments&post=49372"}],"version-history":[{"count":0,"href":"https:\/\/masquenoticiastucuman.com.ar\/index.php?rest_route=\/wp\/v2\/posts\/49372\/revisions"}],"wp:attachment":[{"href":"https:\/\/masquenoticiastucuman.com.ar\/index.php?rest_route=%2Fwp%2Fv2%2Fmedia&parent=49372"}],"wp:term":[{"taxonomy":"category","embeddable":true,"href":"https:\/\/masquenoticiastucuman.com.ar\/index.php?rest_route=%2Fwp%2Fv2%2Fcategories&post=49372"},{"taxonomy":"post_tag","embeddable":true,"href":"https:\/\/masquenoticiastucuman.com.ar\/index.php?rest_route=%2Fwp%2Fv2%2Ftags&post=49372"}],"curies":[{"name":"wp","href":"https:\/\/api.w.org\/{rel}","templated":true}]}}