{"id":49373,"date":"2025-11-11T09:36:31","date_gmt":"2025-11-11T12:36:31","guid":{"rendered":"http:\/\/masquenoticiastucuman.com.ar\/?p=49373"},"modified":"2025-11-11T09:36:31","modified_gmt":"2025-11-11T12:36:31","slug":"el-vaticano-investiga-un-presunto-episodio-de-antisemitismo-de-un-miembro-de-la-guardia-suiza-con-dos-mujeres-judias","status":"publish","type":"post","link":"https:\/\/masquenoticiastucuman.com.ar\/?p=49373","title":{"rendered":"El Vaticano investiga un presunto episodio de antisemitismo de un miembro de la Guardia Suiza, con dos mujeres jud\u00edas"},"content":{"rendered":"<ul>\n<li>Los hechos habr\u00edan ocurrido el el 28 de octubre, cuando dos mujeres habr\u00edan querido posar junto a uno de los guardias, un pedido frecuente entre los visitantes, pero que no est\u00e1 permitido a los soldados.<\/li>\n<li>Fue en ese momento, en que un guardia las habr\u00eda llamado despectivamente en franc\u00e9s &#8220;les juifs&#8221; (las jud\u00edas) e hizo un gesto de escupir en su direcci\u00f3n.<\/li>\n<\/ul>\n<p>\u200bLos hechos habr\u00edan ocurrido el el 28 de octubre, cuando dos mujeres habr\u00edan querido posar junto a uno de los guardias, un pedido frecuente entre los visitantes, pero que no est\u00e1 permitido a los soldados.Fue en ese momento, en que un guardia las habr\u00eda llamado despectivamente en franc\u00e9s &#8220;les juifs&#8221; (las jud\u00edas) e hizo un gesto de escupir en su direcci\u00f3n.\u00a0<a href=\"https:\/\/www.clarin.com\/mundo\/vaticano-investiga-presunto-episodio-antisemitismo-miembro-guardia-suiza-mujeres-judias_0_mqkzMADM5n.html\" target=\"_blank\" class=\"feedzy-rss-link-icon\">Read More<\/a><\/p>","protected":false},"excerpt":{"rendered":"<p>Los hechos habr\u00edan ocurrido el el 28 de octubre, cuando dos mujeres habr\u00edan querido posar&#8230;<\/p>\n","protected":false},"author":1,"featured_media":49374,"comment_status":"open","ping_status":"open","sticky":false,"template":"","format":"standard","meta":{"footnotes":""},"categories":[4],"tags":[],"class_list":["post-49373","post","type-post","status-publish","format-standard","has-post-thumbnail","hentry","category-internacionales"],"_links":{"self":[{"href":"https:\/\/masquenoticiastucuman.com.ar\/index.php?rest_route=\/wp\/v2\/posts\/49373","targetHints":{"allow":["GET"]}}],"collection":[{"href":"https:\/\/masquenoticiastucuman.com.ar\/index.php?rest_route=\/wp\/v2\/posts"}],"about":[{"href":"https:\/\/masquenoticiastucuman.com.ar\/index.php?rest_route=\/wp\/v2\/types\/post"}],"author":[{"embeddable":true,"href":"https:\/\/masquenoticiastucuman.com.ar\/index.php?rest_route=\/wp\/v2\/users\/1"}],"replies":[{"embeddable":true,"href":"https:\/\/masquenoticiastucuman.com.ar\/index.php?rest_route=%2Fwp%2Fv2%2Fcomments&post=49373"}],"version-history":[{"count":0,"href":"https:\/\/masquenoticiastucuman.com.ar\/index.php?rest_route=\/wp\/v2\/posts\/49373\/revisions"}],"wp:featuredmedia":[{"embeddable":true,"href":"https:\/\/masquenoticiastucuman.com.ar\/index.php?rest_route=\/wp\/v2\/media\/49374"}],"wp:attachment":[{"href":"https:\/\/masquenoticiastucuman.com.ar\/index.php?rest_route=%2Fwp%2Fv2%2Fmedia&parent=49373"}],"wp:term":[{"taxonomy":"category","embeddable":true,"href":"https:\/\/masquenoticiastucuman.com.ar\/index.php?rest_route=%2Fwp%2Fv2%2Fcategories&post=49373"},{"taxonomy":"post_tag","embeddable":true,"href":"https:\/\/masquenoticiastucuman.com.ar\/index.php?rest_route=%2Fwp%2Fv2%2Ftags&post=49373"}],"curies":[{"name":"wp","href":"https:\/\/api.w.org\/{rel}","templated":true}]}}