{"id":49379,"date":"2025-11-11T10:32:44","date_gmt":"2025-11-11T13:32:44","guid":{"rendered":"https:\/\/masquenoticiastucuman.com.ar\/?p=49379"},"modified":"2025-11-11T10:32:45","modified_gmt":"2025-11-11T13:32:45","slug":"jaldo-recibio-en-casa-de-gobierno-a-la-senadora-nacional-beatriz-avila","status":"publish","type":"post","link":"https:\/\/masquenoticiastucuman.com.ar\/?p=49379","title":{"rendered":"Jaldo recibi\u00f3 en Casa de Gobierno a la senadora nacional Beatriz \u00c1vila"},"content":{"rendered":"\n<p>El Primer Mandatario mantuvo un encuentro con la funcionaria nacional para analizar los principales temas de la agenda legislativa, entre ellos el tratamiento del presupuesto nacional 2026 y las obras previstas para la provincia.<\/p>\n\n\n\n<p>El gobernador,&nbsp;<strong>Osvaldo Jaldo,<\/strong>&nbsp;se reuni\u00f3 con la senadora nacional,&nbsp;<strong>Beatriz \u00c1vila,<\/strong>&nbsp;con el objetivo de analizar los principales temas vinculados con la provincia y la agenda legislativa que se aproxima en el Congreso de la Naci\u00f3n.<\/p>\n\n\n\n<figure class=\"wp-block-image size-large\"><img loading=\"lazy\" decoding=\"async\" width=\"1024\" height=\"682\" src=\"https:\/\/masquenoticiastucuman.com.ar\/wp-content\/uploads\/2025\/11\/251111093444_83091-1024x682.jpeg\" alt=\"\" class=\"wp-image-49380\" srcset=\"https:\/\/masquenoticiastucuman.com.ar\/wp-content\/uploads\/2025\/11\/251111093444_83091-1024x682.jpeg 1024w, https:\/\/masquenoticiastucuman.com.ar\/wp-content\/uploads\/2025\/11\/251111093444_83091-300x200.jpeg 300w, https:\/\/masquenoticiastucuman.com.ar\/wp-content\/uploads\/2025\/11\/251111093444_83091-768x511.jpeg 768w, https:\/\/masquenoticiastucuman.com.ar\/wp-content\/uploads\/2025\/11\/251111093444_83091.jpeg 1280w\" sizes=\"auto, (max-width: 1024px) 100vw, 1024px\" \/><\/figure>\n\n\n\n<blockquote class=\"wp-block-quote is-layout-flow wp-block-quote-is-layout-flow\">\n<p>Hablamos temas que tienen que ver vinculados con la provincia y los temas que se van a venir en esta nueva etapa\u201d, explic\u00f3 \u00c1vila tras el encuentro. En ese sentido, destac\u00f3 la importancia de mantener un di\u00e1logo permanente con el mandatario provincial.<\/p>\n<\/blockquote>\n\n\n\n<p>\u201cComo mi rol de senadora de la Naci\u00f3n y representando a la provincia de Tucum\u00e1n, siempre mantengo este di\u00e1logo con el gobernador Jaldo en virtud de cu\u00e1les son los temas que nos interesan\u201d, se\u00f1al\u00f3.<\/p>\n\n\n\n<p><em>Uno de los ejes principales de la conversaci\u00f3n fue el tratamiento del presupuesto nacional 2026. \u201cB\u00e1sicamente, lo que tiene que ver con el presupuesto 2026, ustedes saben que hace dos a\u00f1os que no sancionamos un presupuesto. Esta es la hoja de ruta del Gobierno Nacional, donde est\u00e1n tambi\u00e9n plasmadas cu\u00e1les van a ser las principales obras para la provincia de Tucum\u00e1n, que es un gran avance, que lo vamos a tratar tambi\u00e9n en el Senado\u201d, remarc\u00f3 la senadora.<\/em><\/p>\n\n\n\n<p id=\"isPasted\">Asimismo, \u00c1vila hizo referencia a las pr\u00f3ximas iniciativas que el Ejecutivo Nacional enviar\u00e1 al Congreso y al calendario parlamentario de fin de a\u00f1o.<\/p>\n\n\n\n<blockquote class=\"wp-block-quote is-layout-flow wp-block-quote-is-layout-flow\">\n<p>\u201cLas pr\u00f3ximas leyes que van a venir del Ejecutivo Nacional, seg\u00fan la informaci\u00f3n que tenemos en la prensa, va a ser tambi\u00e9n din\u00e1mica. Ya es pr\u00e1cticamente un hecho que en el Congreso vamos a tener sesiones extraordinarias a partir del 1 de diciembre, calculo que hasta el 30 de diciembre, donde uno de los temas b\u00e1sicamente es lo que tiene que ver con el presupuesto 2026\u201d, concluy\u00f3.<\/p>\n<\/blockquote>\n\n\n\n<p id=\"isPasted\">La senadora \u00c1vila, inform\u00f3 que el Gobernador tiene previsto viajar a Buenos Aires para mantener una reuni\u00f3n con el nuevo ministro de Interior,<strong>&nbsp;Diego Santilli<\/strong>, y otras autoridades nacionales, en el marco de las gestiones que la provincia impulsa ante la Naci\u00f3n.<\/p>\n\n\n\n<p>Tambi\u00e9n adelant\u00f3 que ella misma estar\u00e1 en la Ciudad de Buenos Aires en los pr\u00f3ximos d\u00edas, en el marco de su agenda legislativa.<\/p>\n\n\n\n<p>\u00c1vila destac\u00f3 que, tanto desde el Senado como desde el Gobierno provincial, se mantiene una comunicaci\u00f3n fluida para coordinar acciones y gestionar temas vinculados al desarrollo de Tucum\u00e1n ante el Gobierno Nacional.<\/p>\n","protected":false},"excerpt":{"rendered":"<p>El Primer Mandatario mantuvo un encuentro con la funcionaria nacional para analizar los principales temas&#8230;<\/p>\n","protected":false},"author":2,"featured_media":49381,"comment_status":"open","ping_status":"open","sticky":false,"template":"","format":"standard","meta":{"footnotes":""},"categories":[2],"tags":[],"class_list":["post-49379","post","type-post","status-publish","format-standard","has-post-thumbnail","hentry","category-locales"],"_links":{"self":[{"href":"https:\/\/masquenoticiastucuman.com.ar\/index.php?rest_route=\/wp\/v2\/posts\/49379","targetHints":{"allow":["GET"]}}],"collection":[{"href":"https:\/\/masquenoticiastucuman.com.ar\/index.php?rest_route=\/wp\/v2\/posts"}],"about":[{"href":"https:\/\/masquenoticiastucuman.com.ar\/index.php?rest_route=\/wp\/v2\/types\/post"}],"author":[{"embeddable":true,"href":"https:\/\/masquenoticiastucuman.com.ar\/index.php?rest_route=\/wp\/v2\/users\/2"}],"replies":[{"embeddable":true,"href":"https:\/\/masquenoticiastucuman.com.ar\/index.php?rest_route=%2Fwp%2Fv2%2Fcomments&post=49379"}],"version-history":[{"count":1,"href":"https:\/\/masquenoticiastucuman.com.ar\/index.php?rest_route=\/wp\/v2\/posts\/49379\/revisions"}],"predecessor-version":[{"id":49382,"href":"https:\/\/masquenoticiastucuman.com.ar\/index.php?rest_route=\/wp\/v2\/posts\/49379\/revisions\/49382"}],"wp:featuredmedia":[{"embeddable":true,"href":"https:\/\/masquenoticiastucuman.com.ar\/index.php?rest_route=\/wp\/v2\/media\/49381"}],"wp:attachment":[{"href":"https:\/\/masquenoticiastucuman.com.ar\/index.php?rest_route=%2Fwp%2Fv2%2Fmedia&parent=49379"}],"wp:term":[{"taxonomy":"category","embeddable":true,"href":"https:\/\/masquenoticiastucuman.com.ar\/index.php?rest_route=%2Fwp%2Fv2%2Fcategories&post=49379"},{"taxonomy":"post_tag","embeddable":true,"href":"https:\/\/masquenoticiastucuman.com.ar\/index.php?rest_route=%2Fwp%2Fv2%2Ftags&post=49379"}],"curies":[{"name":"wp","href":"https:\/\/api.w.org\/{rel}","templated":true}]}}