{"id":49387,"date":"2025-11-11T10:47:07","date_gmt":"2025-11-11T13:47:07","guid":{"rendered":"http:\/\/masquenoticiastucuman.com.ar\/?p=49387"},"modified":"2025-11-11T10:47:07","modified_gmt":"2025-11-11T13:47:07","slug":"explosion-en-nueva-delhi-apuntan-a-un-atacante-suicida-y-hay-dos-detenidos","status":"publish","type":"post","link":"https:\/\/masquenoticiastucuman.com.ar\/?p=49387","title":{"rendered":"Explosi\u00f3n en Nueva Delhi: apuntan a un atacante suicida y hay dos detenidos"},"content":{"rendered":"<ul>\n<li>Un hombre se habr\u00eda inmolado en su veh\u00edculo, cerca del hist\u00f3rico Palacio Imperial Fuerte Rojo, y provoc\u00f3 el incendio de varios coches en el lugar y dej\u00f3 13 muertos.<\/li>\n<li>La madre y el hermano del supuesto atacantes fueron detenidos.<\/li>\n<\/ul>\n<p>\u200bUn hombre se habr\u00eda inmolado en su veh\u00edculo, cerca del hist\u00f3rico Palacio Imperial Fuerte Rojo, y provoc\u00f3 el incendio de varios coches en el lugar y dej\u00f3 13 muertos.La madre y el hermano del supuesto atacantes fueron detenidos.\u00a0<a href=\"https:\/\/www.clarin.com\/mundo\/explosion-nueva-delhi-apuntan-atacante-suicida-detenidos_0_p6uE0oUxtp.html\" target=\"_blank\" class=\"feedzy-rss-link-icon\">Read More<\/a><\/p>","protected":false},"excerpt":{"rendered":"<p>Un hombre se habr\u00eda inmolado en su veh\u00edculo, cerca del hist\u00f3rico Palacio Imperial Fuerte Rojo,&#8230;<\/p>\n","protected":false},"author":1,"featured_media":49388,"comment_status":"open","ping_status":"open","sticky":false,"template":"","format":"standard","meta":{"footnotes":""},"categories":[4],"tags":[],"class_list":["post-49387","post","type-post","status-publish","format-standard","has-post-thumbnail","hentry","category-internacionales"],"_links":{"self":[{"href":"https:\/\/masquenoticiastucuman.com.ar\/index.php?rest_route=\/wp\/v2\/posts\/49387","targetHints":{"allow":["GET"]}}],"collection":[{"href":"https:\/\/masquenoticiastucuman.com.ar\/index.php?rest_route=\/wp\/v2\/posts"}],"about":[{"href":"https:\/\/masquenoticiastucuman.com.ar\/index.php?rest_route=\/wp\/v2\/types\/post"}],"author":[{"embeddable":true,"href":"https:\/\/masquenoticiastucuman.com.ar\/index.php?rest_route=\/wp\/v2\/users\/1"}],"replies":[{"embeddable":true,"href":"https:\/\/masquenoticiastucuman.com.ar\/index.php?rest_route=%2Fwp%2Fv2%2Fcomments&post=49387"}],"version-history":[{"count":0,"href":"https:\/\/masquenoticiastucuman.com.ar\/index.php?rest_route=\/wp\/v2\/posts\/49387\/revisions"}],"wp:featuredmedia":[{"embeddable":true,"href":"https:\/\/masquenoticiastucuman.com.ar\/index.php?rest_route=\/wp\/v2\/media\/49388"}],"wp:attachment":[{"href":"https:\/\/masquenoticiastucuman.com.ar\/index.php?rest_route=%2Fwp%2Fv2%2Fmedia&parent=49387"}],"wp:term":[{"taxonomy":"category","embeddable":true,"href":"https:\/\/masquenoticiastucuman.com.ar\/index.php?rest_route=%2Fwp%2Fv2%2Fcategories&post=49387"},{"taxonomy":"post_tag","embeddable":true,"href":"https:\/\/masquenoticiastucuman.com.ar\/index.php?rest_route=%2Fwp%2Fv2%2Ftags&post=49387"}],"curies":[{"name":"wp","href":"https:\/\/api.w.org\/{rel}","templated":true}]}}